{"id":113944,"date":"2025-12-22T14:14:14","date_gmt":"2025-12-22T14:14:14","guid":{"rendered":"https:\/\/www.europesays.com\/se\/113944\/"},"modified":"2025-12-22T14:14:14","modified_gmt":"2025-12-22T14:14:14","slug":"spelordning-for-superettan-2026-svensk-fotboll","status":"publish","type":"post","link":"https:\/\/www.europesays.com\/se\/113944\/","title":{"rendered":"Spelordning f\u00f6r Superettan 2026 &#8211; Svensk fotboll"},"content":{"rendered":"<ol>\n<li><a href=\"https:\/\/news.google.com\/rss\/articles\/CBMijAFBVV95cUxOX2pzbHFPOEhJai1CWDA4Q0pUTFVGTm1acmstaDNMT1k1bzBZVDR1UzZyb1lsMklpQ3IxZi1vSG14bldmYk14VHlfWUVkWWhxckJwRFI1X0pQWThxa1M4QXZBQlBKdDI0Q1J3eTMzckdoU1ZiRV9zMjJQaV9KdktTTXNkZlRVNU56TDY4Tw?oc=5\" target=\"_blank\" rel=\"nofollow noopener\">Spelordning f\u00f6r Superettan 2026<\/a>&nbsp;&nbsp;Svensk fotboll<\/li>\n<li><a href=\"https:\/\/news.google.com\/rss\/articles\/CBMinAFBVV95cUxNUEVnVDBma3FZTnFtQi1lNklpQzM5aGhaXzVsT3VJekhxLWNzNERtaVRpTGQxRGlkWTJNa1pfekp4YVZiQWVLQmVqTVVGVDk0Y0QwSlhoTUx2ODlSNXNCRjB5THRqVWFiNjJHd0RtLS02dUpxWlFmVE91N29jU2xHVDZrWXRCVHkyVngtbXdQYXRqLVZ3Qkl2dkNzVmE?oc=5\" target=\"_blank\" rel=\"nofollow noopener\">Omg\u00e5ng f\u00f6r omg\u00e5ng &#8211; s\u00e5 spelas superettan 2026<\/a>&nbsp;&nbsp;Fotbollskanalen<\/li>\n<li><a href=\"https:\/\/news.google.com\/rss\/articles\/CBMif0FVX3lxTE94bGNpY1hKU3EyXzlaZEdEYl9jU2plLVFPdzl5M1FEN0N3ZDNIUjFiZE9KYW1xTUlYWTlhamNXR3B0bnFYT1pIRUhwUnZnVlpwYzZ4Um1KT0R2M05HS0h0VUVvSWt4Q0lxRGphZWFTeTBZaTJvWGFWRWNOQ2lwYWM?oc=5\" target=\"_blank\" rel=\"nofollow noopener\">Tuff start f\u00f6r \u00d6SK i superettan: \u201dInspirerande\u201d<\/a>&nbsp;&nbsp;Nerikes Allehanda<\/li>\n<li><a href=\"https:\/\/news.google.com\/rss\/articles\/CBMijwFBVV95cUxQREJjYlVZbUhlMWJXM0R4LUlPN2I2aXJYbnNHbnJ6QmpUYVkyT1htZWtJeWpsN203bDBaWV9NdlRDc01SdFBPWFI3QVlOeDdEbkQ3RmstWWQ3N2s5VkJEdDRKaGp3Z3RlcVMxTVp6VlNUNTJpdWtrNW1CWGJ4WWRXWmFzdnJZT3NGVjI5eUdqRQ?oc=5\" target=\"_blank\" rel=\"nofollow noopener\">Spelordningen klar \u2013 FFF b\u00f6rjar hemma mot LSK<\/a>&nbsp;&nbsp;SvenskaFans.com<\/li>\n<li><a href=\"https:\/\/news.google.com\/rss\/articles\/CBMigwFBVV95cUxQWUxKZ1IxS0pqbkxJbVQ5c2NZWTBldkxHMlhHVlZqTEpabmw5Q2dpT0JjZnZzTXJFZEhyYUw5VGJ2Z1JrZS1FQWxLcHhYajJfWXZhenJhcHl5cm9sanVmVGZpeDFFZnIwOFZnYTNsQ3NmZXV6eDEtYVhidUlmWjVhaXhHcw?oc=5\" target=\"_blank\" rel=\"nofollow noopener\">Spelordningen f\u00f6r Superettan 2026 \u00e4r klar<\/a>&nbsp;&nbsp;IFK V\u00e4rnamo<\/li>\n<\/ol>\n","protected":false},"excerpt":{"rendered":"Spelordning f\u00f6r Superettan 2026&nbsp;&nbsp;Svensk fotboll Omg\u00e5ng f\u00f6r omg\u00e5ng &#8211; s\u00e5 spelas superettan 2026&nbsp;&nbsp;Fotbollskanalen Tuff start f\u00f6r \u00d6SK i&hellip;\n","protected":false},"author":2,"featured_media":113945,"comment_status":"","ping_status":"","sticky":false,"template":"","format":"standard","meta":{"footnotes":""},"categories":[5],"tags":[22,23,26,27,17,21,24,25,28,29,15,16,18,34,31,33,32,30,19,20],"class_list":{"0":"post-113944","1":"post","2":"type-post","3":"status-publish","4":"format-standard","5":"has-post-thumbnail","7":"category-rubriker","8":"tag-breaking-news","9":"tag-breakingnews","10":"tag-featured-news","11":"tag-featurednews","12":"tag-headlines","13":"tag-huvudnyheter","14":"tag-latest-news","15":"tag-latestnews","16":"tag-main-news","17":"tag-mainnews","18":"tag-news","19":"tag-nyheter","20":"tag-rubriker","21":"tag-se","22":"tag-svenska","23":"tag-sverige","24":"tag-sweden","25":"tag-swedish","26":"tag-top-stories","27":"tag-topstories"},"share_on_mastodon":{"url":"https:\/\/pubeurope.com\/@se\/115763639977103484","error":""},"_links":{"self":[{"href":"https:\/\/www.europesays.com\/se\/wp-json\/wp\/v2\/posts\/113944","targetHints":{"allow":["GET"]}}],"collection":[{"href":"https:\/\/www.europesays.com\/se\/wp-json\/wp\/v2\/posts"}],"about":[{"href":"https:\/\/www.europesays.com\/se\/wp-json\/wp\/v2\/types\/post"}],"author":[{"embeddable":true,"href":"https:\/\/www.europesays.com\/se\/wp-json\/wp\/v2\/users\/2"}],"replies":[{"embeddable":true,"href":"https:\/\/www.europesays.com\/se\/wp-json\/wp\/v2\/comments?post=113944"}],"version-history":[{"count":0,"href":"https:\/\/www.europesays.com\/se\/wp-json\/wp\/v2\/posts\/113944\/revisions"}],"wp:featuredmedia":[{"embeddable":true,"href":"https:\/\/www.europesays.com\/se\/wp-json\/wp\/v2\/media\/113945"}],"wp:attachment":[{"href":"https:\/\/www.europesays.com\/se\/wp-json\/wp\/v2\/media?parent=113944"}],"wp:term":[{"taxonomy":"category","embeddable":true,"href":"https:\/\/www.europesays.com\/se\/wp-json\/wp\/v2\/categories?post=113944"},{"taxonomy":"post_tag","embeddable":true,"href":"https:\/\/www.europesays.com\/se\/wp-json\/wp\/v2\/tags?post=113944"}],"curies":[{"name":"wp","href":"https:\/\/api.w.org\/{rel}","templated":true}]}}