{"id":113946,"date":"2025-12-22T14:16:11","date_gmt":"2025-12-22T14:16:11","guid":{"rendered":"https:\/\/www.europesays.com\/se\/113946\/"},"modified":"2025-12-22T14:16:11","modified_gmt":"2025-12-22T14:16:11","slug":"allmanna-premiartraningen-2026-stalls-in","status":"publish","type":"post","link":"https:\/\/www.europesays.com\/se\/113946\/","title":{"rendered":"Allm\u00e4nna premi\u00e4rtr\u00e4ningen 2026 st\u00e4lls in"},"content":{"rendered":"<p class=\"Paragraph_paragraph__uxXGA Paragraph_l__32960\">F\u00f6rfattare: AIK Fotboll &amp; AIK:s supportergrupper<\/p>\n<p class=\"Paragraph_paragraph__uxXGA Paragraph_l__32960\">Publicerad: 2025-12-22<\/p>\n<p class=\"Paragraph_paragraph__uxXGA Paragraph_xl-bold__WPTfA Preamble_preamble__text__uiJvl\">Den traditionella Allm\u00e4nna premi\u00e4rtr\u00e4ningen 2026 st\u00e4lls tyv\u00e4rr in. Skytteholms IP, d\u00e4r herr- och damlaget normalt genomf\u00f6r en gemensam, \u00f6ppen premi\u00e4rtr\u00e4ning f\u00f6r supportrar inf\u00f6r s\u00e4songsstart, genomg\u00e5r just nu en ombyggnation som kraftigt begr\u00e4nsar kapaciteten. Samtidigt saknas alternativa anl\u00e4ggningar som b\u00e5de kan ta emot det stora publikintresset och motsvarar efterfr\u00e5gan. D\u00e4rf\u00f6r har AIK:s supportergrupper tillsammans med AIK fotboll fattat beslut om att st\u00e4lla in s\u00e4songens arrangemang.<\/p>\n","protected":false},"excerpt":{"rendered":"F\u00f6rfattare: AIK Fotboll &amp; AIK:s supportergrupper Publicerad: 2025-12-22 Den traditionella Allm\u00e4nna premi\u00e4rtr\u00e4ningen 2026 st\u00e4lls tyv\u00e4rr in. Skytteholms IP,&hellip;\n","protected":false},"author":2,"featured_media":113947,"comment_status":"","ping_status":"","sticky":false,"template":"","format":"standard","meta":{"footnotes":""},"categories":[68],"tags":[34,111,110,31,33,32,30],"class_list":{"0":"post-113946","1":"post","2":"type-post","3":"status-publish","4":"format-standard","5":"has-post-thumbnail","7":"category-sport","8":"tag-se","9":"tag-sport","10":"tag-sports","11":"tag-svenska","12":"tag-sverige","13":"tag-sweden","14":"tag-swedish"},"share_on_mastodon":{"url":"https:\/\/pubeurope.com\/@se\/115763647808039768","error":""},"_links":{"self":[{"href":"https:\/\/www.europesays.com\/se\/wp-json\/wp\/v2\/posts\/113946","targetHints":{"allow":["GET"]}}],"collection":[{"href":"https:\/\/www.europesays.com\/se\/wp-json\/wp\/v2\/posts"}],"about":[{"href":"https:\/\/www.europesays.com\/se\/wp-json\/wp\/v2\/types\/post"}],"author":[{"embeddable":true,"href":"https:\/\/www.europesays.com\/se\/wp-json\/wp\/v2\/users\/2"}],"replies":[{"embeddable":true,"href":"https:\/\/www.europesays.com\/se\/wp-json\/wp\/v2\/comments?post=113946"}],"version-history":[{"count":0,"href":"https:\/\/www.europesays.com\/se\/wp-json\/wp\/v2\/posts\/113946\/revisions"}],"wp:featuredmedia":[{"embeddable":true,"href":"https:\/\/www.europesays.com\/se\/wp-json\/wp\/v2\/media\/113947"}],"wp:attachment":[{"href":"https:\/\/www.europesays.com\/se\/wp-json\/wp\/v2\/media?parent=113946"}],"wp:term":[{"taxonomy":"category","embeddable":true,"href":"https:\/\/www.europesays.com\/se\/wp-json\/wp\/v2\/categories?post=113946"},{"taxonomy":"post_tag","embeddable":true,"href":"https:\/\/www.europesays.com\/se\/wp-json\/wp\/v2\/tags?post=113946"}],"curies":[{"name":"wp","href":"https:\/\/api.w.org\/{rel}","templated":true}]}}