{"id":113948,"date":"2025-12-22T14:21:16","date_gmt":"2025-12-22T14:21:16","guid":{"rendered":"https:\/\/www.europesays.com\/se\/113948\/"},"modified":"2025-12-22T14:21:16","modified_gmt":"2025-12-22T14:21:16","slug":"microsoft-pausar-nu-nya-windows-betatester-fram-tills-efter-arsskiftet","status":"publish","type":"post","link":"https:\/\/www.europesays.com\/se\/113948\/","title":{"rendered":"Microsoft pausar nu nya Windows-betatester fram tills efter \u00e5rsskiftet"},"content":{"rendered":"<p>Deltagare i Microsofts Windows Insider-program har nu f\u00e5tt tillg\u00e5ng till \u00e5rets sista betaversion av Windows 11. Windows Insider-teamet har nu tagit julledigt, och nya testversioner av operativsystemet kommer att b\u00f6rja rullas ut igen efter \u00e5rsskiftet.<\/p>\n<p><strong>L\u00e4s \u00e4ven:\u00a0<a href=\"https:\/\/www.pcforalla.se\/article\/3018542\/microsoft-vill-att-du-ska-anvanda-utforskaren-for-dina-mobilbilder.html\" rel=\"nofollow noopener\" target=\"_blank\">Microsoft vill att du ska anv\u00e4nda Utforskaren f\u00f6r dina mobilbilder<\/a><\/strong><\/p>\n<p>Teamet la upp en <a href=\"https:\/\/idg.digidip.net\/visit?url=https:\/\/x.com\/windowsinsider\/status\/2002080603433517149&amp;currurl=https:\/\/www.pcforalla.se\/article\/3018664\/microsoft-pausar-nu-nya-windows-betatester-fram-tills-efter-arsskiftet.html&amp;ref=8-1-3018664-1-0-0-0-0\" target=\"_blank\" rel=\"nofollow noopener\" data-subtag=\"8-1-3018664-1-0-0-0-0\" data-domain-name=\"x\">julh\u00e4lsning<\/a> p\u00e5 X, d\u00e4r de \u00e4ven bekr\u00e4ftade att <a href=\"https:\/\/idg.digidip.net\/visit?url=https:\/\/blogs.windows.com\/windows-insider\/2025\/12\/19\/announcing-windows-11-insider-preview-build-26220-7522-dev-beta-channels\/&amp;currurl=https:\/\/www.pcforalla.se\/article\/3018664\/microsoft-pausar-nu-nya-windows-betatester-fram-tills-efter-arsskiftet.html&amp;ref=8-1-3018664-1-0-0-0-0\" target=\"_blank\" rel=\"nofollow noopener\" data-subtag=\"8-1-3018664-1-0-0-0-0\" data-domain-name=\"windows\">Preview Build 26220.7523<\/a>, som b\u00f6rjade rullas ut i fredags, \u00e4r \u00e5rets sista betatest f\u00f6r Windows 11.<\/p>\n<p>Preview Build 26220.7523 introducerade bland annat en Copilot-app mer anpassad f\u00f6r f\u00f6retagskunder, m\u00f6jligheten att l\u00e4gga till AI-agenter i aktivitetsf\u00e4ltet samt hur pratsam ber\u00e4ttarr\u00f6sten i operativsystemet \u00e4r, och en ny Uppt\u00e4ck Windows-widget.<\/p>\n","protected":false},"excerpt":{"rendered":"Deltagare i Microsofts Windows Insider-program har nu f\u00e5tt tillg\u00e5ng till \u00e5rets sista betaversion av Windows 11. Windows Insider-teamet&hellip;\n","protected":false},"author":2,"featured_media":113949,"comment_status":"","ping_status":"","sticky":false,"template":"","format":"standard","meta":{"footnotes":""},"categories":[66],"tags":[80,78,79,34,31,33,32,30,81,84,83,82],"class_list":{"0":"post-113948","1":"post","2":"type-post","3":"status-publish","4":"format-standard","5":"has-post-thumbnail","7":"category-vetenskap-och-teknik","8":"tag-science","9":"tag-science-and-technology","10":"tag-scienceandtechnology","11":"tag-se","12":"tag-svenska","13":"tag-sverige","14":"tag-sweden","15":"tag-swedish","16":"tag-technology","17":"tag-teknik","18":"tag-vetenskap","19":"tag-vetenskapteknik"},"share_on_mastodon":{"url":"https:\/\/pubeurope.com\/@se\/115763667561863611","error":""},"_links":{"self":[{"href":"https:\/\/www.europesays.com\/se\/wp-json\/wp\/v2\/posts\/113948","targetHints":{"allow":["GET"]}}],"collection":[{"href":"https:\/\/www.europesays.com\/se\/wp-json\/wp\/v2\/posts"}],"about":[{"href":"https:\/\/www.europesays.com\/se\/wp-json\/wp\/v2\/types\/post"}],"author":[{"embeddable":true,"href":"https:\/\/www.europesays.com\/se\/wp-json\/wp\/v2\/users\/2"}],"replies":[{"embeddable":true,"href":"https:\/\/www.europesays.com\/se\/wp-json\/wp\/v2\/comments?post=113948"}],"version-history":[{"count":0,"href":"https:\/\/www.europesays.com\/se\/wp-json\/wp\/v2\/posts\/113948\/revisions"}],"wp:featuredmedia":[{"embeddable":true,"href":"https:\/\/www.europesays.com\/se\/wp-json\/wp\/v2\/media\/113949"}],"wp:attachment":[{"href":"https:\/\/www.europesays.com\/se\/wp-json\/wp\/v2\/media?parent=113948"}],"wp:term":[{"taxonomy":"category","embeddable":true,"href":"https:\/\/www.europesays.com\/se\/wp-json\/wp\/v2\/categories?post=113948"},{"taxonomy":"post_tag","embeddable":true,"href":"https:\/\/www.europesays.com\/se\/wp-json\/wp\/v2\/tags?post=113948"}],"curies":[{"name":"wp","href":"https:\/\/api.w.org\/{rel}","templated":true}]}}