{"id":113957,"date":"2025-12-22T14:30:22","date_gmt":"2025-12-22T14:30:22","guid":{"rendered":"https:\/\/www.europesays.com\/se\/113957\/"},"modified":"2025-12-22T14:30:22","modified_gmt":"2025-12-22T14:30:22","slug":"viscaria-och-lundin-gold-vinnare-forsvarsbolaget-tappar-di","status":"publish","type":"post","link":"https:\/\/www.europesays.com\/se\/113957\/","title":{"rendered":"Viscaria och Lundin Gold vinnare \u2013 f\u00f6rsvarsbolaget tappar &#8211; DI"},"content":{"rendered":"<ol>\n<li><a href=\"https:\/\/news.google.com\/rss\/articles\/CBMihgFBVV95cUxQVUN1WXNEcE4tYlQtSDN0d3BZTTE1cTlWTmY0R3lvUDJLdk5JdXI3Q0VkdDcxWW9LRGZ3LWtpeFlrcE84MDVLRTJ4cXk3RHRvVWhyRmVBNFhxNDVCdFJHMXo5RmtLSzdmRWgwREpJNXlwNWQ1Mnd0V3JLYjgwbmJoN0E2WE1Wdw?oc=5\" target=\"_blank\" rel=\"nofollow noopener\">Viscaria och Lundin Gold vinnare \u2013 f\u00f6rsvarsbolaget tappar<\/a>&nbsp;&nbsp;DI<\/li>\n<li><a href=\"https:\/\/news.google.com\/rss\/articles\/CBMicEFVX3lxTFBkbzI2OFV0Q1lWWXg4LWRkSm1RaUNVeTZ5alY3N2FLNDBJM0djYnZ2RjBUTWtsTU43b3BBSWtFT2o2SzVRREhBbFhnZ0o5TWdXZDZGaUd0ZVNTNWJkd1JwV19ZbDV1Xy1JVXNrZUFmV2M?oc=5\" target=\"_blank\" rel=\"nofollow noopener\">Gruvaktier lyfter brett: \u201dFortsatt uppsida\u201d<\/a>&nbsp;&nbsp;EFN.se<\/li>\n<li><a href=\"https:\/\/news.google.com\/rss\/articles\/CBMib0FVX3lxTE5PS2hHVmYtM1dUUVBEaXRTRW4zamttTEN6dzNYUU16OGEzZVBVemlnX043Rm1hMVM2bVM2X2FKTmtmM2FjSEJ0TlJ4TzlGTnJhQ2Q1NkNycFBGV1hzc2stMDVrLVBBdndwMlRaejRzQQ?oc=5\" target=\"_blank\" rel=\"nofollow noopener\">Stockholmsb\u00f6rsen handlas p\u00e5 r\u00f6tt \u2013 Viscaria rusar<\/a>&nbsp;&nbsp;Omni<\/li>\n<li><a href=\"https:\/\/news.google.com\/rss\/articles\/CBMirgFBVV95cUxPTGNUUkx0cnJ6UnFCMzJJUHB6ZVc3eDFVQkwwV19WTTEyc1ZkSmpnVnp6SDYxQUJSak9KY0JZYkE0QmU5YzFKNWdnSWQ3QzdjLUdGdkRjNm96alY5bGRSR0FvcFBHbUtheU5TS0RXV1ZobmtTTkowSFo3YVozRjRyNXB5TUwyS0xzcnNwNmJic1pULUJtVjNGYVM2Y1lOX1NzLU5qQ2VFVFdsakJtcFE?oc=5\" target=\"_blank\" rel=\"nofollow noopener\">Storbanken: Tydlig l\u00e5ngsiktig kurspotential i gruvaktien<\/a>&nbsp;&nbsp;Privata Aff\u00e4rer<\/li>\n<li><a href=\"https:\/\/news.google.com\/rss\/articles\/CBMibkFVX3lxTE1hSjJkYWhPZWpUdDJDM1J1TTZIZW1RelJHdml5VEhHTmE1SnJ1STFWOTk4bWkxQmRHbDJzVlFnd216b0o4eWNqMFBiclZSQy1xekpvRGplUG52bGE3cHMwdWVvVXh5NGZsY3E0WnJ3?oc=5\" target=\"_blank\" rel=\"nofollow noopener\">Viscaria rusar p\u00e5 k\u00f6pr\u00e5d<\/a>&nbsp;&nbsp;Aff\u00e4rsv\u00e4rlden<\/li>\n<\/ol>\n","protected":false},"excerpt":{"rendered":"Viscaria och Lundin Gold vinnare \u2013 f\u00f6rsvarsbolaget tappar&nbsp;&nbsp;DI Gruvaktier lyfter brett: \u201dFortsatt uppsida\u201d&nbsp;&nbsp;EFN.se Stockholmsb\u00f6rsen handlas p\u00e5 r\u00f6tt \u2013&hellip;\n","protected":false},"author":2,"featured_media":113958,"comment_status":"","ping_status":"","sticky":false,"template":"","format":"standard","meta":{"footnotes":""},"categories":[65],"tags":[72,70,71,34,31,33,32,30],"class_list":{"0":"post-113957","1":"post","2":"type-post","3":"status-publish","4":"format-standard","5":"has-post-thumbnail","7":"category-ekonomi","8":"tag-business","9":"tag-economy","10":"tag-ekonomi","11":"tag-se","12":"tag-svenska","13":"tag-sverige","14":"tag-sweden","15":"tag-swedish"},"share_on_mastodon":{"url":"https:\/\/pubeurope.com\/@se\/115763702839407229","error":""},"_links":{"self":[{"href":"https:\/\/www.europesays.com\/se\/wp-json\/wp\/v2\/posts\/113957","targetHints":{"allow":["GET"]}}],"collection":[{"href":"https:\/\/www.europesays.com\/se\/wp-json\/wp\/v2\/posts"}],"about":[{"href":"https:\/\/www.europesays.com\/se\/wp-json\/wp\/v2\/types\/post"}],"author":[{"embeddable":true,"href":"https:\/\/www.europesays.com\/se\/wp-json\/wp\/v2\/users\/2"}],"replies":[{"embeddable":true,"href":"https:\/\/www.europesays.com\/se\/wp-json\/wp\/v2\/comments?post=113957"}],"version-history":[{"count":0,"href":"https:\/\/www.europesays.com\/se\/wp-json\/wp\/v2\/posts\/113957\/revisions"}],"wp:featuredmedia":[{"embeddable":true,"href":"https:\/\/www.europesays.com\/se\/wp-json\/wp\/v2\/media\/113958"}],"wp:attachment":[{"href":"https:\/\/www.europesays.com\/se\/wp-json\/wp\/v2\/media?parent=113957"}],"wp:term":[{"taxonomy":"category","embeddable":true,"href":"https:\/\/www.europesays.com\/se\/wp-json\/wp\/v2\/categories?post=113957"},{"taxonomy":"post_tag","embeddable":true,"href":"https:\/\/www.europesays.com\/se\/wp-json\/wp\/v2\/tags?post=113957"}],"curies":[{"name":"wp","href":"https:\/\/api.w.org\/{rel}","templated":true}]}}