{"id":113959,"date":"2025-12-22T14:32:08","date_gmt":"2025-12-22T14:32:08","guid":{"rendered":"https:\/\/www.europesays.com\/se\/113959\/"},"modified":"2025-12-22T14:32:08","modified_gmt":"2025-12-22T14:32:08","slug":"nya-lokaler-for-polismyndigheten-i-linkoping-vaxjo-och-vid-arlanda-flygplats","status":"publish","type":"post","link":"https:\/\/www.europesays.com\/se\/113959\/","title":{"rendered":"Nya lokaler f\u00f6r Polismyndigheten i Link\u00f6ping, V\u00e4xj\u00f6 och vid Arlanda flygplats"},"content":{"rendered":"<p>&#13;<br \/>\nRegeringen har beslutat att Polismyndigheten f\u00e5r ing\u00e5 hyresavtal f\u00f6r nya lokaler i Link\u00f6ping och V\u00e4xj\u00f6 samt lokaler och garage vid Arlanda flygplats. De nya lokalerna ska ge Polismyndigheten b\u00e4ttre f\u00f6ruts\u00e4ttningar att bedriva sin verksamhet.<\/p>\n<p>I en skrivelse till regeringen har Polismyndigheten beg\u00e4rt medgivande att ing\u00e5 ett 15-\u00e5rigt hyresavtal f\u00f6r lokaler i Link\u00f6ping. Den nya lokalen ska rymma cirka 110 personer och bland annat anv\u00e4ndas av nationellt forensiskt centrum (NFC) vid Polismyndigheten. Regeringen har nu beviljat Polismyndighetens beg\u00e4ran.<\/p>\n<p>Regeringen har \u00e4ven beviljat Polismyndigheten att ing\u00e5 ett 10-\u00e5rigt hyresavtal i V\u00e4xj\u00f6. De nya lokalerna \u00e4r avsedda f\u00f6r cirka 50 personer.<\/p>\n<p>Vid Arlanda flygplats har Polismyndigheten beviljats att ing\u00e5 tv\u00e5 12-\u00e5riga hyresavtal f\u00f6r lokaler och garage. Den nya lokalen ska rymma cirka 520 personer och kommer att anv\u00e4ndas till gr\u00e4nsverksamhet.<\/p>\n","protected":false},"excerpt":{"rendered":"&#13; Regeringen har beslutat att Polismyndigheten f\u00e5r ing\u00e5 hyresavtal f\u00f6r nya lokaler i Link\u00f6ping och V\u00e4xj\u00f6 samt lokaler&hellip;\n","protected":false},"author":2,"featured_media":67452,"comment_status":"","ping_status":"","sticky":false,"template":"","format":"standard","meta":{"footnotes":""},"categories":[12],"tags":[22,23,26,27,17,21,24,25,28,29,15,16,18,34,31,33,32,30,19,20],"class_list":{"0":"post-113959","1":"post","2":"type-post","3":"status-publish","4":"format-standard","5":"has-post-thumbnail","7":"category-sverige","8":"tag-breaking-news","9":"tag-breakingnews","10":"tag-featured-news","11":"tag-featurednews","12":"tag-headlines","13":"tag-huvudnyheter","14":"tag-latest-news","15":"tag-latestnews","16":"tag-main-news","17":"tag-mainnews","18":"tag-news","19":"tag-nyheter","20":"tag-rubriker","21":"tag-se","22":"tag-svenska","23":"tag-sverige","24":"tag-sweden","25":"tag-swedish","26":"tag-top-stories","27":"tag-topstories"},"share_on_mastodon":{"url":"https:\/\/pubeurope.com\/@se\/115763710784343024","error":""},"_links":{"self":[{"href":"https:\/\/www.europesays.com\/se\/wp-json\/wp\/v2\/posts\/113959","targetHints":{"allow":["GET"]}}],"collection":[{"href":"https:\/\/www.europesays.com\/se\/wp-json\/wp\/v2\/posts"}],"about":[{"href":"https:\/\/www.europesays.com\/se\/wp-json\/wp\/v2\/types\/post"}],"author":[{"embeddable":true,"href":"https:\/\/www.europesays.com\/se\/wp-json\/wp\/v2\/users\/2"}],"replies":[{"embeddable":true,"href":"https:\/\/www.europesays.com\/se\/wp-json\/wp\/v2\/comments?post=113959"}],"version-history":[{"count":0,"href":"https:\/\/www.europesays.com\/se\/wp-json\/wp\/v2\/posts\/113959\/revisions"}],"wp:featuredmedia":[{"embeddable":true,"href":"https:\/\/www.europesays.com\/se\/wp-json\/wp\/v2\/media\/67452"}],"wp:attachment":[{"href":"https:\/\/www.europesays.com\/se\/wp-json\/wp\/v2\/media?parent=113959"}],"wp:term":[{"taxonomy":"category","embeddable":true,"href":"https:\/\/www.europesays.com\/se\/wp-json\/wp\/v2\/categories?post=113959"},{"taxonomy":"post_tag","embeddable":true,"href":"https:\/\/www.europesays.com\/se\/wp-json\/wp\/v2\/tags?post=113959"}],"curies":[{"name":"wp","href":"https:\/\/api.w.org\/{rel}","templated":true}]}}