{"id":113960,"date":"2025-12-22T14:33:37","date_gmt":"2025-12-22T14:33:37","guid":{"rendered":"https:\/\/www.europesays.com\/se\/113960\/"},"modified":"2025-12-22T14:33:37","modified_gmt":"2025-12-22T14:33:37","slug":"bilderna-visar-bondi-skyttarna-ovar-infor-dadet","status":"publish","type":"post","link":"https:\/\/www.europesays.com\/se\/113960\/","title":{"rendered":"Bilderna visar Bondi-skyttarna \u00f6var inf\u00f6r d\u00e5det"},"content":{"rendered":"<p>Publicerad 22 dec 2025 kl 08.19Uppdaterad kl 08.20<\/p>\n<p>Pappan och sonen ska ha planerat i m\u00e5nader<\/p>\n<p>Minst 15 m\u00e4nniskor miste livet och ett 40-tal skadades i en attack mot ett hanukka-firande. Enligt uppgifter i The Guardian misst\u00e4nker polisen att terrord\u00e5det varit planerat under l\u00e5ng tid. De misst\u00e4nkta g\u00e4rningsm\u00e4nnen, en far och hans son, ska ha spelat in filmmaterial d\u00e4r de poserar framf\u00f6r en IS-flagga.<\/p>\n<p>            <a href=\"mailto:webbrattelse@expressen.se?subject=Fel%20i%20artikel%3A%20Bilderna%20visar%20Bondi-skyttarna%20%C3%B6var%20inf%C3%B6r%20d%C3%A5det&amp;body=En%20l%C3%A4sare%20rapporterar%20fel%20i%20https%3A%2F%2Fwww.expressen.se%2Ftv%2Fnyheter%2Fvarlden%2Fbilderna-visar-bondi-skyttarna-ovar-infor-dadet%2F%0A%0AKommentar%3A%20\"><br \/>\n              Anm\u00e4l text- och faktafel<br \/>\n            <\/a><a href=\"https:\/\/www.expressen.se\/om-expressen\/sa-jobbar-vi-med-korrekta-publiceringar\/\" rel=\"nofollow noopener\" target=\"_blank\">V\u00e5ra kvalitetsrutiner<\/a><\/p>\n","protected":false},"excerpt":{"rendered":"Publicerad 22 dec 2025 kl 08.19Uppdaterad kl 08.20 Pappan och sonen ska ha planerat i m\u00e5nader Minst 15&hellip;\n","protected":false},"author":2,"featured_media":319,"comment_status":"","ping_status":"","sticky":false,"template":"","format":"standard","meta":{"footnotes":""},"categories":[5],"tags":[22,23,26,27,17,21,24,25,1995,12431,3635,28,29,15,16,18,34,2077,55,31,33,32,30,19,2836,20],"class_list":{"0":"post-113960","1":"post","2":"type-post","3":"status-publish","4":"format-standard","5":"has-post-thumbnail","7":"category-rubriker","8":"tag-breaking-news","9":"tag-breakingnews","10":"tag-featured-news","11":"tag-featurednews","12":"tag-headlines","13":"tag-huvudnyheter","14":"tag-latest-news","15":"tag-latestnews","16":"tag-location-australien","17":"tag-location-bondi-beach","18":"tag-location-sydney","19":"tag-main-news","20":"tag-mainnews","21":"tag-news","22":"tag-nyheter","23":"tag-rubriker","24":"tag-se","25":"tag-sections-nyheter","26":"tag-sections-varlden","27":"tag-svenska","28":"tag-sverige","29":"tag-sweden","30":"tag-swedish","31":"tag-top-stories","32":"tag-topic-terrorism","33":"tag-topstories"},"share_on_mastodon":{"url":"https:\/\/pubeurope.com\/@se\/115763714672747140","error":""},"_links":{"self":[{"href":"https:\/\/www.europesays.com\/se\/wp-json\/wp\/v2\/posts\/113960","targetHints":{"allow":["GET"]}}],"collection":[{"href":"https:\/\/www.europesays.com\/se\/wp-json\/wp\/v2\/posts"}],"about":[{"href":"https:\/\/www.europesays.com\/se\/wp-json\/wp\/v2\/types\/post"}],"author":[{"embeddable":true,"href":"https:\/\/www.europesays.com\/se\/wp-json\/wp\/v2\/users\/2"}],"replies":[{"embeddable":true,"href":"https:\/\/www.europesays.com\/se\/wp-json\/wp\/v2\/comments?post=113960"}],"version-history":[{"count":0,"href":"https:\/\/www.europesays.com\/se\/wp-json\/wp\/v2\/posts\/113960\/revisions"}],"wp:featuredmedia":[{"embeddable":true,"href":"https:\/\/www.europesays.com\/se\/wp-json\/wp\/v2\/media\/319"}],"wp:attachment":[{"href":"https:\/\/www.europesays.com\/se\/wp-json\/wp\/v2\/media?parent=113960"}],"wp:term":[{"taxonomy":"category","embeddable":true,"href":"https:\/\/www.europesays.com\/se\/wp-json\/wp\/v2\/categories?post=113960"},{"taxonomy":"post_tag","embeddable":true,"href":"https:\/\/www.europesays.com\/se\/wp-json\/wp\/v2\/tags?post=113960"}],"curies":[{"name":"wp","href":"https:\/\/api.w.org\/{rel}","templated":true}]}}