{"id":113964,"date":"2025-12-22T14:38:50","date_gmt":"2025-12-22T14:38:50","guid":{"rendered":"https:\/\/www.europesays.com\/se\/113964\/"},"modified":"2025-12-22T14:38:50","modified_gmt":"2025-12-22T14:38:50","slug":"ledare-kriminaliteten-minskar-inte-for-att-det-blir-svarare-att-driva-foretag","status":"publish","type":"post","link":"https:\/\/www.europesays.com\/se\/113964\/","title":{"rendered":"Ledare: Kriminaliteten minskar inte f\u00f6r att det blir sv\u00e5rare att driva f\u00f6retag"},"content":{"rendered":"<p>\t\t\t\t\t<a href=\"https:\/\/www.tn.se\/brottsbekampningen\/\" rel=\"nofollow noopener\" target=\"_blank\"><br \/>\n\t\t\t\tBROTTSBEK\u00c4MPNINGEN<br \/>\n\t\t\t<\/a><\/p>\n<p>\t\t\t\t<img decoding=\"async\" class=\"figure-img img-fluid\"  src=\"https:\/\/www.europesays.com\/se\/wp-content\/uploads\/2025\/12\/1766414330_100_bilder.tn.se\" alt=\"\" itemprop=\"image\"\/><\/p>\n<p>\t\t\t\t\t\t\t\t\tOm det blev l\u00e4ttare att avveckla f\u00f6retag skulle f\u00e4rre av dem tas \u00f6ver av kriminella, anser skribenten.<br \/>\n\t\t\t\t\t\t\t\t\t\t\t\t\tBild:<br \/>\n\t\t\t\t\tMostphotos<\/p>\n<p class=\"ew-preamble\" itemprop=\"description\">Det beh\u00f6ver inte bli sv\u00e5rare att starta f\u00f6retag utan tv\u00e4rtom l\u00e4ttare att avveckla dem, skriver Mattias Svensson i en ledare i SvD.<\/p>\n<p>\n\t\tPublicerad:<br \/>\n\t\t22 dec 2025, 11:54\n\t<\/p>\n<p>\n\t\t\tUppdaterad:<br \/>\n\t\t\t22 dec 2025, 11:56\n\t\t<\/p>\n<p class=\"ew-body\">Kriminella tar g\u00e4rna \u00f6ver existerande f\u00f6retag i syfte att beg\u00e5 nya brott. L\u00f6sningen p\u00e5 det \u00e4r inte att kontrollera f\u00f6retag h\u00e5rdare utan snarare att g\u00f6ra det enklare att avveckla varsamheten, skriver Mattias Svensson i en Svd-ledare.<\/p>\n<p class=\"ew-body\">\u201dKriminella vill n\u00e4mligen helst ta \u00f6ver en existerande verksamhet och p\u00e5 s\u00e5 vis utnyttja en upparbetad trov\u00e4rdighet och avklarade kontroller. Detta har i sin tur underl\u00e4ttats av att det idag \u00e4r v\u00e4ldigt kr\u00e5ngligt i dag att avveckla ett existerande f\u00f6retag, skriver han.<\/p>\n<p class=\"ew-body\">Mattias Svensson v\u00e4lkomnar i sin text att Brottsf\u00f6rebyggande r\u00e5det har landat i en liknande slutsats.<\/p>\n<p class=\"ew-body\"><a href=\"https:\/\/www.svd.se\/a\/zOGG49\/krangel-for-foretag-ar-inte-svaret\" id=\"link-6f5ed8e22f434c693f365fac82efc6bf\" target=\"_blank\" rel=\"nofollow noopener\">SvD: Mattias Svensson: Kr\u00e5ngel f\u00f6r f\u00f6retag \u00e4r inte svaret<\/a><\/p>\n<p>\n\t\tPublicerad:<br \/>\n\t\t22 dec 2025, 11:54\n\t<\/p>\n<p>\n\t\t\tUppdaterad:<br \/>\n\t\t\t22 dec 2025, 11:56\n\t\t<\/p>\n","protected":false},"excerpt":{"rendered":"BROTTSBEK\u00c4MPNINGEN Om det blev l\u00e4ttare att avveckla f\u00f6retag skulle f\u00e4rre av dem tas \u00f6ver av kriminella, anser skribenten.&hellip;\n","protected":false},"author":2,"featured_media":113965,"comment_status":"","ping_status":"","sticky":false,"template":"","format":"standard","meta":{"footnotes":""},"categories":[65],"tags":[72,70,71,34,31,33,32,30],"class_list":{"0":"post-113964","1":"post","2":"type-post","3":"status-publish","4":"format-standard","5":"has-post-thumbnail","7":"category-ekonomi","8":"tag-business","9":"tag-economy","10":"tag-ekonomi","11":"tag-se","12":"tag-svenska","13":"tag-sverige","14":"tag-sweden","15":"tag-swedish"},"share_on_mastodon":{"url":"https:\/\/pubeurope.com\/@se\/115763738587702651","error":""},"_links":{"self":[{"href":"https:\/\/www.europesays.com\/se\/wp-json\/wp\/v2\/posts\/113964","targetHints":{"allow":["GET"]}}],"collection":[{"href":"https:\/\/www.europesays.com\/se\/wp-json\/wp\/v2\/posts"}],"about":[{"href":"https:\/\/www.europesays.com\/se\/wp-json\/wp\/v2\/types\/post"}],"author":[{"embeddable":true,"href":"https:\/\/www.europesays.com\/se\/wp-json\/wp\/v2\/users\/2"}],"replies":[{"embeddable":true,"href":"https:\/\/www.europesays.com\/se\/wp-json\/wp\/v2\/comments?post=113964"}],"version-history":[{"count":0,"href":"https:\/\/www.europesays.com\/se\/wp-json\/wp\/v2\/posts\/113964\/revisions"}],"wp:featuredmedia":[{"embeddable":true,"href":"https:\/\/www.europesays.com\/se\/wp-json\/wp\/v2\/media\/113965"}],"wp:attachment":[{"href":"https:\/\/www.europesays.com\/se\/wp-json\/wp\/v2\/media?parent=113964"}],"wp:term":[{"taxonomy":"category","embeddable":true,"href":"https:\/\/www.europesays.com\/se\/wp-json\/wp\/v2\/categories?post=113964"},{"taxonomy":"post_tag","embeddable":true,"href":"https:\/\/www.europesays.com\/se\/wp-json\/wp\/v2\/tags?post=113964"}],"curies":[{"name":"wp","href":"https:\/\/api.w.org\/{rel}","templated":true}]}}