{"id":113966,"date":"2025-12-22T14:40:26","date_gmt":"2025-12-22T14:40:26","guid":{"rendered":"https:\/\/www.europesays.com\/se\/113966\/"},"modified":"2025-12-22T14:40:26","modified_gmt":"2025-12-22T14:40:26","slug":"polisutredaren-sjukanmalde-sig-drog-pa-resor","status":"publish","type":"post","link":"https:\/\/www.europesays.com\/se\/113966\/","title":{"rendered":"Polisutredaren sjukanm\u00e4lde sig \u2013 drog p\u00e5 resor"},"content":{"rendered":"<p>Publicerad 22 dec 2025 kl 10.12Uppdaterad kl 12.39<\/p>\n<p>Polisutredaren ans\u00f6kte om semester men fick den inte beviljad.<\/p>\n<p>D\u00e5 sjukanm\u00e4lde hon sig och \u00e5kte p\u00e5 semester och la ut bilder i sociala medier.<\/p>\n<p>Nu \u00e5talas hon.<\/p>\n<p>\u2013 Som medarbetare har jag v\u00e4ldigt h\u00f6g arbetsmoral, s\u00e4ger hon i polisf\u00f6rh\u00f6r.<\/p>\n<p>Senaste nyhetsklippen fr\u00e5n Expressen.<img   alt=\"\"\/><\/p>\n<p>En polisutredare \u00e5talas f\u00f6r grovt bedr\u00e4geri.<\/p>\n<p>Foto: Janerik Henriksson \/ TT NYHETSBYR\u00c5N<\/p>\n<p>\u00d6ppna bild i helsk\u00e4rm<img loading=\"lazy\"   alt=\"\"\/><\/p>\n<p>Samma dag som kvinnan publicerade den h\u00e4r videon fr\u00e5n Balkan p\u00e5 Facebook skulle hon ha varit i Sverige och jobbat.<\/p>\n<p>Foto: Polisen.<\/p>\n<p>\u00d6ppna bild i helsk\u00e4rm<\/p>\n<p>Polisen i Storstockholmsomr\u00e5det uppt\u00e4ckte att sjukstatistiken under sommarm\u00e5naderna sk\u00f6t i h\u00f6jden och \u201dbest\u00e4mde sig f\u00f6r att titta p\u00e5 bakgrunden till detta\u201d.<\/p>\n<p>I ett av fallen hittade de en polisutredare som tre \u00e5r i rad sjukanm\u00e4lt sig \u2013 i direkt anslutning till att hennes semester tagit slut.<\/p>\n<p>I polisens f\u00f6runders\u00f6kning framkommer det att den kvinnliga polisutredaren, i alla tre fallen, varit p\u00e5 semester i Balkan och att hon enligt en chef ans\u00f6kt om semester, men inte f\u00e5tt den beviljad, de datum som hon senare sjukanm\u00e4lde sig p\u00e5.<\/p>\n<p>\u2013 Jag tycker det \u00e4r beklagligt, f\u00f6r att som medarbetare har jag v\u00e4ldigt h\u00f6g arbetsmoral. I min historik med min n\u00e4rvaro p\u00e5 jobbet s\u00e5 \u00e4r jag annars aldrig sjukskriven, hela \u00e5ret, s\u00e4ger kvinnan i polisf\u00f6rh\u00f6r.<\/p>\n<p>\u201dHar ju r\u00e4tt att vara sjuk\u201d<\/p>\n<p>Den kvinnliga polisutredaren menar att hon varit sjuk \u2013 alla tre \u00e5ren \u2013 och att det har handlat om psykiska besv\u00e4r kopplade till att \u00e5terv\u00e4nda till jobbet.<\/p>\n<p>\u2013 Man har ju r\u00e4tt att vara sjuk vart man \u00e4n \u00e4r n\u00e5gonstans. \u00c4r jag sjuk s\u00e5 \u00e4r jag sjuk.<\/p>\n<p>I f\u00f6runders\u00f6kningen framkommer det ocks\u00e5 att kvinnans flygresor hem fr\u00e5n semestrarna 2023, 2024 och 2025 alla \u00e4r bokade efter att hon skulle varit tillbaka p\u00e5 jobbet. F\u00f6r sina sjukdagar har hon f\u00e5tt \u00f6ver 17 000 kronor utbetalt i sjukl\u00f6n.<\/p>\n<p>Kan d\u00f6mas<\/p>\n<p>Nu \u00e5talas kvinnan f\u00f6r grovt bedr\u00e4geri och osann f\u00f6rs\u00e4kran.<\/p>\n<p>\u201dXX har missbrukat ett allm\u00e4nt f\u00f6rtroende i sin egenskap av polisanst\u00e4lld genom att beg\u00e5 g\u00e4rningar som haft ett n\u00e4ra samband i tid, rum och syfte\u201d, skriver man i \u00e5talet.<\/p>\n<p>Straffet f\u00f6r grovt bedr\u00e4geri \u00e4r l\u00e4gst sex m\u00e5naders f\u00e4ngelse och h\u00f6gst sex \u00e5r.<\/p>\n","protected":false},"excerpt":{"rendered":"Publicerad 22 dec 2025 kl 10.12Uppdaterad kl 12.39 Polisutredaren ans\u00f6kte om semester men fick den inte beviljad. D\u00e5&hellip;\n","protected":false},"author":2,"featured_media":113967,"comment_status":"","ping_status":"","sticky":false,"template":"","format":"standard","meta":{"footnotes":""},"categories":[12],"tags":[22,23,26,27,17,21,24,25,28,29,15,16,1031,18,34,154,31,33,32,30,19,1942,20],"class_list":{"0":"post-113966","1":"post","2":"type-post","3":"status-publish","4":"format-standard","5":"has-post-thumbnail","7":"category-sverige","8":"tag-breaking-news","9":"tag-breakingnews","10":"tag-featured-news","11":"tag-featurednews","12":"tag-headlines","13":"tag-huvudnyheter","14":"tag-latest-news","15":"tag-latestnews","16":"tag-main-news","17":"tag-mainnews","18":"tag-news","19":"tag-nyheter","20":"tag-organization-polismyndigheten","21":"tag-rubriker","22":"tag-se","23":"tag-sections-sverige","24":"tag-svenska","25":"tag-sverige","26":"tag-sweden","27":"tag-swedish","28":"tag-top-stories","29":"tag-topic-lagar","30":"tag-topstories"},"share_on_mastodon":{"url":"https:\/\/pubeurope.com\/@se\/115763742446281496","error":""},"_links":{"self":[{"href":"https:\/\/www.europesays.com\/se\/wp-json\/wp\/v2\/posts\/113966","targetHints":{"allow":["GET"]}}],"collection":[{"href":"https:\/\/www.europesays.com\/se\/wp-json\/wp\/v2\/posts"}],"about":[{"href":"https:\/\/www.europesays.com\/se\/wp-json\/wp\/v2\/types\/post"}],"author":[{"embeddable":true,"href":"https:\/\/www.europesays.com\/se\/wp-json\/wp\/v2\/users\/2"}],"replies":[{"embeddable":true,"href":"https:\/\/www.europesays.com\/se\/wp-json\/wp\/v2\/comments?post=113966"}],"version-history":[{"count":0,"href":"https:\/\/www.europesays.com\/se\/wp-json\/wp\/v2\/posts\/113966\/revisions"}],"wp:featuredmedia":[{"embeddable":true,"href":"https:\/\/www.europesays.com\/se\/wp-json\/wp\/v2\/media\/113967"}],"wp:attachment":[{"href":"https:\/\/www.europesays.com\/se\/wp-json\/wp\/v2\/media?parent=113966"}],"wp:term":[{"taxonomy":"category","embeddable":true,"href":"https:\/\/www.europesays.com\/se\/wp-json\/wp\/v2\/categories?post=113966"},{"taxonomy":"post_tag","embeddable":true,"href":"https:\/\/www.europesays.com\/se\/wp-json\/wp\/v2\/tags?post=113966"}],"curies":[{"name":"wp","href":"https:\/\/api.w.org\/{rel}","templated":true}]}}