{"id":113968,"date":"2025-12-22T14:41:38","date_gmt":"2025-12-22T14:41:38","guid":{"rendered":"https:\/\/www.europesays.com\/se\/113968\/"},"modified":"2025-12-22T14:41:38","modified_gmt":"2025-12-22T14:41:38","slug":"remiss-av-eu-kommissionens-forslag-till-europaparlamentets-och-radets-forordningar-for-perioden-2028-2034-om-inrattande-av-europeiska-fonden-for-ekonomisk-social-och-territoriell-sammanhallni","status":"publish","type":"post","link":"https:\/\/www.europesays.com\/se\/113968\/","title":{"rendered":"Remiss av EU-kommissionens f\u00f6rslag till Europaparlamentets och r\u00e5dets f\u00f6rordningar f\u00f6r perioden 2028\u20132034 om inr\u00e4ttande av Europeiska fonden f\u00f6r ekonomisk, social och territoriell sammanh\u00e5llning, jordbruk och landsbygd, fiske och hav, v\u00e4lst\u00e5nd och s\u00e4kerhet&#8230;(COM(2025) 540, 541, 542, 552, 553, 554, 558, 559, 560, 565."},"content":{"rendered":"<p>EU-kommissionen f\u00f6resl\u00e5r att man ska g\u00e5 fr\u00e5n 540 program till 27 genom en ny struktur som kallas f\u00f6r nationella och regionala partnerskapsplaner (NRPP) och som ska ha en upps\u00e4ttning av regler.. Tanken \u00e4r att det ska minska de administrativa kostnaderna p\u00e5 alla niv\u00e5er samtidigt som finansiering till alla typer av f\u00f6retag och lokala myndigheter ska underl\u00e4ttas. Detta ska ske genom mer anpassad programplanering som passar medlemsl\u00e4ndernas och regionernas individuella behov. N\u00e4r det g\u00e4ller st\u00f6d till jordbrukare och fiskare kan st\u00f6d anpassas till l\u00e4nders och regioners specifika behov f\u00f6r att hj\u00e4lpa dem med st\u00f6rst behov.<\/p>\n<p>Svenskt N\u00e4ringsliv v\u00e4lkomnar syftet och den nya strukturen av fonderna samt att budgeten i sin helhet fokuserar p\u00e5 konkurrenskraft. M\u00e5ls\u00e4ttningen att f\u00f6renkla administrationen, minska antalet fonder och inf\u00f6ra ett enda regelverk kommer f\u00f6rhoppningsvis att minska kostnaderna f\u00f6r bidragsgivare och bidragstagare samt kontrollinstanserna. Det \u00e4r viktigt att f\u00f6rb\u00e4ttra kontrollerna av vart medel g\u00e5r genom \u00f6kad transparens. Det \u00e4r \u00e4ven viktigt att b\u00e4ttre f\u00f6lja upp i vilken m\u00e5n medlen ger ett genuint merv\u00e4rde f\u00f6r EU:s skattebetalare. Det inbegriper \u00e4ven att man fokuserar p\u00e5 vad medel ska g\u00e5 till, vilka m\u00e5l de ska uppn\u00e5 s\u00e5 att en granskande uppf\u00f6ljning kan ske. N\u00e4r man utformar st\u00f6den inom ramen f\u00f6r partnerskapsplanerna \u00e4r det viktigt att de \u00e4r teknikneutrala, konkurrensneutrala och f\u00f6renliga med EU:s statsst\u00f6dsregler. Tyngdpunkten m\u00e5ste ligga p\u00e5 breda horisontella \u00e5tg\u00e4rder som f\u00f6rb\u00e4ttrar f\u00f6retagsklimatet och innovationsf\u00f6rm\u00e5gan f\u00f6r att \u00f6ka EU:s konkurrenskraft.<\/p>\n","protected":false},"excerpt":{"rendered":"EU-kommissionen f\u00f6resl\u00e5r att man ska g\u00e5 fr\u00e5n 540 program till 27 genom en ny struktur som kallas f\u00f6r&hellip;\n","protected":false},"author":2,"featured_media":57788,"comment_status":"","ping_status":"","sticky":false,"template":"","format":"standard","meta":{"footnotes":""},"categories":[5],"tags":[22,23,26,27,17,21,24,25,28,29,15,16,18,34,31,33,32,30,19,20],"class_list":{"0":"post-113968","1":"post","2":"type-post","3":"status-publish","4":"format-standard","5":"has-post-thumbnail","7":"category-rubriker","8":"tag-breaking-news","9":"tag-breakingnews","10":"tag-featured-news","11":"tag-featurednews","12":"tag-headlines","13":"tag-huvudnyheter","14":"tag-latest-news","15":"tag-latestnews","16":"tag-main-news","17":"tag-mainnews","18":"tag-news","19":"tag-nyheter","20":"tag-rubriker","21":"tag-se","22":"tag-svenska","23":"tag-sverige","24":"tag-sweden","25":"tag-swedish","26":"tag-top-stories","27":"tag-topstories"},"share_on_mastodon":{"url":"","error":"Validation failed: Text character limit of 500 exceeded"},"_links":{"self":[{"href":"https:\/\/www.europesays.com\/se\/wp-json\/wp\/v2\/posts\/113968","targetHints":{"allow":["GET"]}}],"collection":[{"href":"https:\/\/www.europesays.com\/se\/wp-json\/wp\/v2\/posts"}],"about":[{"href":"https:\/\/www.europesays.com\/se\/wp-json\/wp\/v2\/types\/post"}],"author":[{"embeddable":true,"href":"https:\/\/www.europesays.com\/se\/wp-json\/wp\/v2\/users\/2"}],"replies":[{"embeddable":true,"href":"https:\/\/www.europesays.com\/se\/wp-json\/wp\/v2\/comments?post=113968"}],"version-history":[{"count":0,"href":"https:\/\/www.europesays.com\/se\/wp-json\/wp\/v2\/posts\/113968\/revisions"}],"wp:featuredmedia":[{"embeddable":true,"href":"https:\/\/www.europesays.com\/se\/wp-json\/wp\/v2\/media\/57788"}],"wp:attachment":[{"href":"https:\/\/www.europesays.com\/se\/wp-json\/wp\/v2\/media?parent=113968"}],"wp:term":[{"taxonomy":"category","embeddable":true,"href":"https:\/\/www.europesays.com\/se\/wp-json\/wp\/v2\/categories?post=113968"},{"taxonomy":"post_tag","embeddable":true,"href":"https:\/\/www.europesays.com\/se\/wp-json\/wp\/v2\/tags?post=113968"}],"curies":[{"name":"wp","href":"https:\/\/api.w.org\/{rel}","templated":true}]}}