{"id":113973,"date":"2025-12-22T14:46:41","date_gmt":"2025-12-22T14:46:41","guid":{"rendered":"https:\/\/www.europesays.com\/se\/113973\/"},"modified":"2025-12-22T14:46:41","modified_gmt":"2025-12-22T14:46:41","slug":"arrowstreet-ny-publik-blankare-i-cint","status":"publish","type":"post","link":"https:\/\/www.europesays.com\/se\/113973\/","title":{"rendered":"Arrowstreet ny publik blankare i Cint"},"content":{"rendered":"<p class=\"font-sans text-base text-text-main dark:text-text-main-dark font-normal leading-[1.4]\">Arrowstreet Capital har tagit en ny publik blankningsposition i konsumentunders\u00f6kningsbolaget Cint om 0,57 procent av kapitalet.<br \/>\n <br class=\"col-start-2\"\/><br \/>\n Det finns tre publika blankare i bolaget. Totalt \u00e4r 4,22 procent av kapitalet blankat i Cint.\n <\/p>\n<p>Finansinspektionen kr\u00e4ver att positioner \u00f6ver 0,1 procent rapporteras och blankningar \u00f6ver 0,5 procent g\u00f6rs publika.<br \/>\n <br class=\"col-start-2\"\/><\/p>\n<p class=\"font-sans text-base text-text-main dark:text-text-main-dark font-normal leading-[1.4]\">newsroom@finwire.se<br \/>\n <br class=\"col-start-2\"\/><br \/>\n Nyhetsbyr\u00e5n Finwire<\/p>\n","protected":false},"excerpt":{"rendered":"Arrowstreet Capital har tagit en ny publik blankningsposition i konsumentunders\u00f6kningsbolaget Cint om 0,57 procent av kapitalet. Det finns&hellip;\n","protected":false},"author":2,"featured_media":77249,"comment_status":"","ping_status":"","sticky":false,"template":"","format":"standard","meta":{"footnotes":""},"categories":[65],"tags":[72,70,71,34,31,33,32,30],"class_list":{"0":"post-113973","1":"post","2":"type-post","3":"status-publish","4":"format-standard","5":"has-post-thumbnail","7":"category-ekonomi","8":"tag-business","9":"tag-economy","10":"tag-ekonomi","11":"tag-se","12":"tag-svenska","13":"tag-sverige","14":"tag-sweden","15":"tag-swedish"},"share_on_mastodon":{"url":"https:\/\/pubeurope.com\/@se\/115763765785886281","error":""},"_links":{"self":[{"href":"https:\/\/www.europesays.com\/se\/wp-json\/wp\/v2\/posts\/113973","targetHints":{"allow":["GET"]}}],"collection":[{"href":"https:\/\/www.europesays.com\/se\/wp-json\/wp\/v2\/posts"}],"about":[{"href":"https:\/\/www.europesays.com\/se\/wp-json\/wp\/v2\/types\/post"}],"author":[{"embeddable":true,"href":"https:\/\/www.europesays.com\/se\/wp-json\/wp\/v2\/users\/2"}],"replies":[{"embeddable":true,"href":"https:\/\/www.europesays.com\/se\/wp-json\/wp\/v2\/comments?post=113973"}],"version-history":[{"count":0,"href":"https:\/\/www.europesays.com\/se\/wp-json\/wp\/v2\/posts\/113973\/revisions"}],"wp:featuredmedia":[{"embeddable":true,"href":"https:\/\/www.europesays.com\/se\/wp-json\/wp\/v2\/media\/77249"}],"wp:attachment":[{"href":"https:\/\/www.europesays.com\/se\/wp-json\/wp\/v2\/media?parent=113973"}],"wp:term":[{"taxonomy":"category","embeddable":true,"href":"https:\/\/www.europesays.com\/se\/wp-json\/wp\/v2\/categories?post=113973"},{"taxonomy":"post_tag","embeddable":true,"href":"https:\/\/www.europesays.com\/se\/wp-json\/wp\/v2\/tags?post=113973"}],"curies":[{"name":"wp","href":"https:\/\/api.w.org\/{rel}","templated":true}]}}