{"id":113974,"date":"2025-12-22T14:48:15","date_gmt":"2025-12-22T14:48:15","guid":{"rendered":"https:\/\/www.europesays.com\/se\/113974\/"},"modified":"2025-12-22T14:48:15","modified_gmt":"2025-12-22T14:48:15","slug":"kompetens-och-arbetsmarknadsnamndens-budget-for-2026-nykoping-se","status":"publish","type":"post","link":"https:\/\/www.europesays.com\/se\/113974\/","title":{"rendered":"Kompetens- och arbetsmarknadsn\u00e4mndens budget f\u00f6r 2026 \u2013 nykoping.se"},"content":{"rendered":"<p>Kompetens- och arbetsmarknadsn\u00e4mndensn\u00e4mnden fattade 10 december beslut om 2026 \u00e5rs budget. N\u00e4mnden f\u00e5r ett tillskott p\u00e5 2,1 miljoner. Totalt ligger n\u00e4mndens ram p\u00e5 111,7 miljoner kronor f\u00f6r 2026.<\/p>\n<p>De st\u00f6rsta kostnaderna f\u00f6r kompetens- och arbetsmarknadsn\u00e4mndensn\u00e4mnden ligger p\u00e5 Campus Nyk\u00f6ping, 86,7 miljoner kronor. Campus Nyk\u00f6ping bedriver bland annat h\u00f6gre utbildning.<\/p>\n<p>Arbetsmarknadsenheten ges, i samverkan med andra akt\u00f6rer, utrymme att skapa fler praktikplatser s\u00e5 att fler medborgare f\u00e5r m\u00f6jlighet att m\u00f6ta arbetsgivare.<\/p>\n<p>\u2013 V\u00e5rt fokus ligger p\u00e5 att skapa inkludering och utbildningsm\u00f6jligheter f\u00f6r v\u00e5ra medborgare i livets olika skeenden, speciellt viktigt f\u00f6r ungdomar. Den omfattande l\u00e5ngtidsarbetsl\u00f6sheten har ofta sin grund i l\u00e5g utbildnings- och kunskapsniv\u00e5. D\u00e4rf\u00f6r forts\u00e4tter Nyk\u00f6pings kommun att investera i kompetensutveckling f\u00f6r v\u00e5ra medborgare, s\u00e4ger Johan Wachtmeister, kompetens- och arbetsmarknadsn\u00e4mndens ordf\u00f6rande.<\/p>\n<p><a title=\"budget KAN 2026\" href=\"http:\/\/www.nykoping.se\/kommun--politik\/politik-och-demokrati\/namnder\/kompetens--och-arbetsmarknadsnamnden\/#--chn-6371cfda34244501266-8be1ea6d6cbc7749306-2480dc7774007749324\" target=\"_blank\" rel=\"noopener nofollow\">L\u00e4nk till n\u00e4mndens sida med budgetunderlaget.<\/a><\/p>\n<p><strong>N\u00e4mndens ansvarsomr\u00e5den<\/strong><\/p>\n<p>Kompetens- och arbetsmarknadsn\u00e4mnden har ansvar f\u00f6r kommunens uppgifter inom arbetsliv, l\u00e4rande f\u00f6r vuxna och integration.<\/p>\n","protected":false},"excerpt":{"rendered":"Kompetens- och arbetsmarknadsn\u00e4mndensn\u00e4mnden fattade 10 december beslut om 2026 \u00e5rs budget. N\u00e4mnden f\u00e5r ett tillskott p\u00e5 2,1 miljoner.&hellip;\n","protected":false},"author":2,"featured_media":2786,"comment_status":"","ping_status":"","sticky":false,"template":"","format":"standard","meta":{"footnotes":""},"categories":[12],"tags":[22,23,26,27,17,21,24,25,28,29,15,16,18,34,31,33,32,30,19,20],"class_list":{"0":"post-113974","1":"post","2":"type-post","3":"status-publish","4":"format-standard","5":"has-post-thumbnail","7":"category-sverige","8":"tag-breaking-news","9":"tag-breakingnews","10":"tag-featured-news","11":"tag-featurednews","12":"tag-headlines","13":"tag-huvudnyheter","14":"tag-latest-news","15":"tag-latestnews","16":"tag-main-news","17":"tag-mainnews","18":"tag-news","19":"tag-nyheter","20":"tag-rubriker","21":"tag-se","22":"tag-svenska","23":"tag-sverige","24":"tag-sweden","25":"tag-swedish","26":"tag-top-stories","27":"tag-topstories"},"share_on_mastodon":{"url":"https:\/\/pubeurope.com\/@se\/115763773778306653","error":""},"_links":{"self":[{"href":"https:\/\/www.europesays.com\/se\/wp-json\/wp\/v2\/posts\/113974","targetHints":{"allow":["GET"]}}],"collection":[{"href":"https:\/\/www.europesays.com\/se\/wp-json\/wp\/v2\/posts"}],"about":[{"href":"https:\/\/www.europesays.com\/se\/wp-json\/wp\/v2\/types\/post"}],"author":[{"embeddable":true,"href":"https:\/\/www.europesays.com\/se\/wp-json\/wp\/v2\/users\/2"}],"replies":[{"embeddable":true,"href":"https:\/\/www.europesays.com\/se\/wp-json\/wp\/v2\/comments?post=113974"}],"version-history":[{"count":0,"href":"https:\/\/www.europesays.com\/se\/wp-json\/wp\/v2\/posts\/113974\/revisions"}],"wp:featuredmedia":[{"embeddable":true,"href":"https:\/\/www.europesays.com\/se\/wp-json\/wp\/v2\/media\/2786"}],"wp:attachment":[{"href":"https:\/\/www.europesays.com\/se\/wp-json\/wp\/v2\/media?parent=113974"}],"wp:term":[{"taxonomy":"category","embeddable":true,"href":"https:\/\/www.europesays.com\/se\/wp-json\/wp\/v2\/categories?post=113974"},{"taxonomy":"post_tag","embeddable":true,"href":"https:\/\/www.europesays.com\/se\/wp-json\/wp\/v2\/tags?post=113974"}],"curies":[{"name":"wp","href":"https:\/\/api.w.org\/{rel}","templated":true}]}}