{"id":113981,"date":"2025-12-22T14:53:08","date_gmt":"2025-12-22T14:53:08","guid":{"rendered":"https:\/\/www.europesays.com\/se\/113981\/"},"modified":"2025-12-22T14:53:08","modified_gmt":"2025-12-22T14:53:08","slug":"samsung-gor-tredje-vikbar-modell-i-nytt-format-direkt-konkurrent-till-iphone","status":"publish","type":"post","link":"https:\/\/www.europesays.com\/se\/113981\/","title":{"rendered":"&#8217;Samsung g\u00f6r tredje vikbar modell i nytt format \u2013 direkt konkurrent till Iphone&#8217;"},"content":{"rendered":"<p class=\"kicker t20 font-Raleway\" style=\"\">Kompakt men widescreen<\/p>\n<p>\n        Oppo Find N2 \u00e4r ett exempel p\u00e5 en telefon i samma stil som Apples och Samsungs eventuellt kommande telefoner.<\/p>\n<p>    Med \u00e5rets Samsung Galaxy Fold 7 och Flip 7 tog Samsung ett stort steg fram\u00e5t, framf\u00f6rallt genom att g\u00f6ra enheterna betydligt tunnare. Nu kan en vikbar Iphone motivera Samsung att ta n\u00e4sta steg.<\/p>\n<p>Det \u00e4r koreanska nyhetssk\u00e4llan ET News som kommer med uppgifterna om att Samsung utvecklar en tredje vikbar modell vid sidan av kommande Fold 8 och Flip 8. Den nya telefonen s\u00e4gs vara en bredare Fold i vad k\u00e4llan kallar passformat. Det ska vara en bredare, yttre sk\u00e4rm p\u00e5 5,4 tum med en f\u00f6ljaktligen bred inre vikbar sk\u00e4rm som ska m\u00e4ta 7,6 tum. Den inre sk\u00e4rmen ska d\u00e5 vara i 4:3-format.<\/p>\n<p>Det \u00e4r inte f\u00f6rsta g\u00e5ngen vi ser den h\u00e4r typen av vikbar telefon. Huaswei har haft en snarlik med Pura X och \u00e4ven Oppo har lanserat Oppo Find N och <a href=\"https:\/\/www.mobil.se\/forsta-intryck\/forsta-intrycket-vi-kanner-pa-vikbara-lilla-oppo-find-n2\/494050\" target=\"_blank\" data-lab-font_weight=\"font-weight-bold\" class=\"font-weight-bold m-font-weight-bold\" rel=\"nofollow noopener\">Oppo Find N2 (vi kollade in den 2023<\/a>) innan de bytte till Samsungs mer l\u00e5ngsmala Fold-format.\u00a0<\/p>\n<p>Uppgifterna om Samsungs tredje vikbara s\u00e4ger vidare att den ska f\u00e5 25W snabbladdning och sl\u00e4ppas under sensommar eller h\u00f6st 2026 allts\u00e5 ungef\u00e4r n\u00e4r Apples vikbara Iphone v\u00e4ntas g\u00f6ra entr\u00e9.\u00a0<\/p>\n<p>Den h\u00e4r strategin fr\u00e5n Samsungs sida k\u00e4nner vi igen fr\u00e5n f\u00f6rsnacket till Iphone Air d\u00e5 Samsung f\u00f6regick Apple genom att lansera S25 Edge, s\u00e5 gissningsvis arbetar Samsung f\u00f6r att sl\u00e4ppa sin nya vikbara innan Apple sl\u00e4pper sin.\u00a0\u00a0<\/p>\n","protected":false},"excerpt":{"rendered":"Kompakt men widescreen Oppo Find N2 \u00e4r ett exempel p\u00e5 en telefon i samma stil som Apples och&hellip;\n","protected":false},"author":2,"featured_media":113982,"comment_status":"","ping_status":"","sticky":false,"template":"","format":"standard","meta":{"footnotes":""},"categories":[66],"tags":[80,78,79,34,31,33,32,30,81,84,83,82],"class_list":{"0":"post-113981","1":"post","2":"type-post","3":"status-publish","4":"format-standard","5":"has-post-thumbnail","7":"category-vetenskap-och-teknik","8":"tag-science","9":"tag-science-and-technology","10":"tag-scienceandtechnology","11":"tag-se","12":"tag-svenska","13":"tag-sverige","14":"tag-sweden","15":"tag-swedish","16":"tag-technology","17":"tag-teknik","18":"tag-vetenskap","19":"tag-vetenskapteknik"},"share_on_mastodon":{"url":"https:\/\/pubeurope.com\/@se\/115763793391948590","error":""},"_links":{"self":[{"href":"https:\/\/www.europesays.com\/se\/wp-json\/wp\/v2\/posts\/113981","targetHints":{"allow":["GET"]}}],"collection":[{"href":"https:\/\/www.europesays.com\/se\/wp-json\/wp\/v2\/posts"}],"about":[{"href":"https:\/\/www.europesays.com\/se\/wp-json\/wp\/v2\/types\/post"}],"author":[{"embeddable":true,"href":"https:\/\/www.europesays.com\/se\/wp-json\/wp\/v2\/users\/2"}],"replies":[{"embeddable":true,"href":"https:\/\/www.europesays.com\/se\/wp-json\/wp\/v2\/comments?post=113981"}],"version-history":[{"count":0,"href":"https:\/\/www.europesays.com\/se\/wp-json\/wp\/v2\/posts\/113981\/revisions"}],"wp:featuredmedia":[{"embeddable":true,"href":"https:\/\/www.europesays.com\/se\/wp-json\/wp\/v2\/media\/113982"}],"wp:attachment":[{"href":"https:\/\/www.europesays.com\/se\/wp-json\/wp\/v2\/media?parent=113981"}],"wp:term":[{"taxonomy":"category","embeddable":true,"href":"https:\/\/www.europesays.com\/se\/wp-json\/wp\/v2\/categories?post=113981"},{"taxonomy":"post_tag","embeddable":true,"href":"https:\/\/www.europesays.com\/se\/wp-json\/wp\/v2\/tags?post=113981"}],"curies":[{"name":"wp","href":"https:\/\/api.w.org\/{rel}","templated":true}]}}