{"id":113983,"date":"2025-12-22T14:54:08","date_gmt":"2025-12-22T14:54:08","guid":{"rendered":"https:\/\/www.europesays.com\/se\/113983\/"},"modified":"2025-12-22T14:54:08","modified_gmt":"2025-12-22T14:54:08","slug":"it-och-processkoordinator-till-asphalt-north-ncc-industry","status":"publish","type":"post","link":"https:\/\/www.europesays.com\/se\/113983\/","title":{"rendered":"IT- och Processkoordinator till Asphalt North, NCC Industry"},"content":{"rendered":"<p>Ans\u00f6k senast: 2026-01-20<br \/>Ort: G\u00e4vle<\/p>\n<p><a target=\"_blank\" data-link_text=\"IT- och Processkoordinator till Asphalt North, NCC Industry \" class=\"srApplyLink\" href=\"https:\/\/jobs.smartrecruiters.com\/NCC\/744000100071041-it-och-processkoordinator-till-asphalt-north-ncc-industry-?oga=true\" rel=\"nofollow noopener\">Ans\u00f6k h\u00e4r!<\/a> <\/p>\n<p>Vill du vara med och driva digitalisering och effektivisering i en utvecklingsorienterad organisation?<br \/>Vi s\u00f6ker nu en engagerad <strong>IT- och Processkoordinator<\/strong> som har ett genuint intresse f\u00f6r att implementera, utveckla och st\u00f6dja system och processer. Hos oss f\u00e5r du en nyckelroll i att s\u00e4kerst\u00e4lla att v\u00e5ra digitala l\u00f6sningar fungerar optimalt och att v\u00e5ra medarbetare har r\u00e4tt f\u00f6ruts\u00e4ttningar i sin vardag.<\/p>\n<p><strong>Om rollen<\/strong><\/p>\n<p>Som IT- och Processkoordinator ansvarar du f\u00f6r implementering, f\u00f6rvaltning och support av IT-system och digitala arbetsfl\u00f6den enligt v\u00e5rt gemensamma arbetss\u00e4tt CWW \u2013 Common Way of Working. Du fungerar som en central kontaktpunkt mellan verksamheten, IT och externa leverant\u00f6rer och bidrar aktivt till att v\u00e5ra processer \u00e4r effektiva, anv\u00e4ndarv\u00e4nliga och \u00e4ndam\u00e5lsenliga.<\/p>\n<p>Rollen \u00e4r b\u00e5de operativ och utvecklingsinriktad och passar dig som trivs med att kombinera teknik, processf\u00f6rb\u00e4ttring och samarbete med m\u00e4nniskor.<\/p>\n<p><strong>Dina ansvarsomr\u00e5den<\/strong><\/p>\n<ul>\n<li>St\u00f6dja avdelningens medarbetare vid implementering och anv\u00e4ndning av IT-system och digitala l\u00f6sningar.<\/li>\n<li>S\u00e4kerst\u00e4lla, dokumentera och vidareutveckla processer och arbetss\u00e4tt kopplade till v\u00e5ra system.<\/li>\n<li>Fungera som projektledare eller delprojektledare vid systembyten, uppgraderingar och f\u00f6rb\u00e4ttringsinitiativ.<\/li>\n<li>Vara avdelningens representant i interna och externa utvecklingsforum.<\/li>\n<li>Delta i utv\u00e4rdering, test och inf\u00f6rande av nya programversioner och system.<\/li>\n<li>Samarbeta n\u00e4ra lokala IT-anv\u00e4ndare och ge kvalificerat anv\u00e4ndarst\u00f6d och support.<\/li>\n<li>Bidra till utbildningsinsatser och kunskapsspridning inom organisationen.<\/li>\n<\/ul>\n<p><strong>F\u00f6r att lyckas i rollen ser vi att du har:<\/strong><\/p>\n<ul>\n<li>Eftergymnasial utbildning inom IT, systemvetenskap, digitalisering, verksamhetsutveckling eller motsvarande erfarenhet.<\/li>\n<li>Erfarenhet av systemimplementering, systemf\u00f6rvaltning och arbete med digitala arbetsfl\u00f6den.<\/li>\n<li>God f\u00f6rst\u00e5else f\u00f6r hur IT-st\u00f6d samverkar med verksamhetsprocesser.<\/li>\n<li>Erfarenhet av att arbeta i projektform, g\u00e4rna i rollen som koordinator eller projektledare.<\/li>\n<li>F\u00f6rm\u00e5ga att uttrycka dig v\u00e4l p\u00e5 svenska i tal och skrift.<\/li>\n<\/ul>\n<p><strong>Det \u00e4r meriterande om du \u00e4ven har:<\/strong><\/p>\n<ul>\n<li>Erfarenhet av f\u00f6r\u00e4ndringsledning eller processutveckling.<\/li>\n<li>Vana av att arbeta n\u00e4ra slutanv\u00e4ndare och genomf\u00f6ra utbildningar.<\/li>\n<li>Grundl\u00e4ggande teknisk f\u00f6rst\u00e5else f\u00f6r integrationer och systemmilj\u00f6er.<\/li>\n<\/ul>\n<p><strong>Personliga egenskaper<\/strong><\/p>\n<p>Vi l\u00e4gger stor vikt vid dina personliga egenskaper och s\u00f6ker dig som \u00e4r:<\/p>\n<ul>\n<li>Strukturerad, l\u00f6sningsorienterad och sj\u00e4lvg\u00e5ende.<\/li>\n<li>Kommunikativ och pedagogisk med ett genuint intresse f\u00f6r att st\u00f6tta och utveckla andra.<\/li>\n<li>Samarbetsinriktad och trygg i kontakten med olika roller och funktioner.<\/li>\n<li>Nyfiken och driven med vilja att f\u00f6rb\u00e4ttra och effektivisera arbetss\u00e4tt.<\/li>\n<\/ul>\n<p><strong>NCC erbjuder<\/strong><\/p>\n<p>Vi p\u00e5 NCC vill vara en attraktiv arbetsgivare med medarbetare som trivs, utvecklas och m\u00e5r bra. D\u00e4rf\u00f6r erbjuder vi dig som arbetar hos oss ett stort utbud av personalf\u00f6rm\u00e5ner. NCC har kollektivavtal f\u00f6r alla medarbetare. Det ger en bra grundtrygghet och ett tydligt regelverk s\u00e5 att du vet vad som g\u00e4ller f\u00f6r din anst\u00e4llning. Vi erbjuder ocks\u00e5 f\u00f6rs\u00e4kringar, arbetstidsf\u00f6rkortning, friskv\u00e5rdsbidrag samt andra erbjudanden och rabatter via v\u00e5r f\u00f6rm\u00e5nsportal Benifex.<\/p>\n<p><strong>Kontakt och ans\u00f6kan<\/strong>\u00a0<\/p>\n<p>Har du fr\u00e5gor om tj\u00e4nsten \u00e4r du v\u00e4lkommen att kontakta Stefan Gardlow, Specialistchef p\u00e5 079-067 03 52 eller Fredric Westling, HR p\u00e5: 070-721 78 72. Placeringsort \u00e4r flexibel men p\u00e5 n\u00e5gon av f\u00f6ljande orter: <strong>Ume\u00e5, Sundsvall eller G\u00e4vle\u00a0<\/strong><\/p>\n<p>Urval sker l\u00f6pande s\u00e5 l\u00e4mna din ans\u00f6kan idag! Sista ans\u00f6kningsdag 2026-01-20.\u00a0<\/p>\n<p><strong>Bygg med oss och f\u00e5 branschens b\u00e4sta kollegor<\/strong><\/p>\n<p>P\u00e5 NCC drivs vi av att forts\u00e4tta utvecklas, oavsett om det handlar om v\u00e5ra byggprojekt eller v\u00e5r personliga kompetens. Varje dag driver vi branschens mest sp\u00e4nnande och komplexa byggprojekt fram\u00e5t i ett n\u00e4ra samarbete mellan v\u00e5ra medarbetare, samarbetsparters och kunder. Hos oss \u00e4r du en betydelsefull medarbetare som bidrar till de landm\u00e4rken som definierar v\u00e5ra st\u00e4der och samh\u00e4llen. H\u00e4r tar v\u00e5ra medarbetare en aktiv roll i en f\u00f6retagskultur grundad p\u00e5 stabila v\u00e4rderingar och beteenden f\u00f6r en trygg och s\u00e4ker arbetsplats. V\u00e5r samlade kompetens och varierande bakgrund g\u00f6r skillnad.<\/p>\n<p><strong>\u00a0NCC &#8211; ett av de ledande f\u00f6retagen i Norden<\/strong><\/p>\n<p> <a target=\"_blank\" data-link_text=\"IT- och Processkoordinator till Asphalt North, NCC Industry \" class=\"srApplyLink\" href=\"https:\/\/jobs.smartrecruiters.com\/NCC\/744000100071041-it-och-processkoordinator-till-asphalt-north-ncc-industry-?oga=true\" rel=\"nofollow noopener\">Ans\u00f6k h\u00e4r!<\/a> <\/p>\n","protected":false},"excerpt":{"rendered":"Ans\u00f6k senast: 2026-01-20Ort: G\u00e4vle Ans\u00f6k h\u00e4r! Vill du vara med och driva digitalisering och effektivisering i en utvecklingsorienterad&hellip;\n","protected":false},"author":2,"featured_media":1112,"comment_status":"","ping_status":"","sticky":false,"template":"","format":"standard","meta":{"footnotes":""},"categories":[65],"tags":[72,70,71,34,31,33,32,30],"class_list":{"0":"post-113983","1":"post","2":"type-post","3":"status-publish","4":"format-standard","5":"has-post-thumbnail","7":"category-ekonomi","8":"tag-business","9":"tag-economy","10":"tag-ekonomi","11":"tag-se","12":"tag-svenska","13":"tag-sverige","14":"tag-sweden","15":"tag-swedish"},"share_on_mastodon":{"url":"https:\/\/pubeurope.com\/@se\/115763797212597558","error":""},"_links":{"self":[{"href":"https:\/\/www.europesays.com\/se\/wp-json\/wp\/v2\/posts\/113983","targetHints":{"allow":["GET"]}}],"collection":[{"href":"https:\/\/www.europesays.com\/se\/wp-json\/wp\/v2\/posts"}],"about":[{"href":"https:\/\/www.europesays.com\/se\/wp-json\/wp\/v2\/types\/post"}],"author":[{"embeddable":true,"href":"https:\/\/www.europesays.com\/se\/wp-json\/wp\/v2\/users\/2"}],"replies":[{"embeddable":true,"href":"https:\/\/www.europesays.com\/se\/wp-json\/wp\/v2\/comments?post=113983"}],"version-history":[{"count":0,"href":"https:\/\/www.europesays.com\/se\/wp-json\/wp\/v2\/posts\/113983\/revisions"}],"wp:featuredmedia":[{"embeddable":true,"href":"https:\/\/www.europesays.com\/se\/wp-json\/wp\/v2\/media\/1112"}],"wp:attachment":[{"href":"https:\/\/www.europesays.com\/se\/wp-json\/wp\/v2\/media?parent=113983"}],"wp:term":[{"taxonomy":"category","embeddable":true,"href":"https:\/\/www.europesays.com\/se\/wp-json\/wp\/v2\/categories?post=113983"},{"taxonomy":"post_tag","embeddable":true,"href":"https:\/\/www.europesays.com\/se\/wp-json\/wp\/v2\/tags?post=113983"}],"curies":[{"name":"wp","href":"https:\/\/api.w.org\/{rel}","templated":true}]}}