{"id":113984,"date":"2025-12-22T14:56:10","date_gmt":"2025-12-22T14:56:10","guid":{"rendered":"https:\/\/www.europesays.com\/se\/113984\/"},"modified":"2025-12-22T14:56:10","modified_gmt":"2025-12-22T14:56:10","slug":"klart-samtliga-lansstyrelser-overklagar-stoppad-vargjakt","status":"publish","type":"post","link":"https:\/\/www.europesays.com\/se\/113984\/","title":{"rendered":"Klart: Samtliga l\u00e4nsstyrelser \u00f6verklagar stoppad vargjakt"},"content":{"rendered":"<p>            <img width=\"2048\" height=\"1366\" src=\"https:\/\/www.europesays.com\/se\/wp-content\/uploads\/2025\/12\/5OQUKVMY7AXWRPD.jpg\" class=\"attachment-full size-full\" alt=\"\" decoding=\"async\" fetchpriority=\"high\"  \/><\/p>\n<p id=\"caption-attachment-242817\" class=\"wp-caption-text\">Under m\u00e5ndagen ska de tv\u00e5 kvarvarande l\u00e4nsstyrelserna \u00f6verklaga f\u00f6rvaltningsr\u00e4ttens dom. D\u00e4rmed har samtliga fem ber\u00f6rda l\u00e4n g\u00e5tt samma v\u00e4g. Foto: Per Jonson<\/p>\n<p data-beyondwords-marker=\"054e1df2-31e9-47c2-b433-35dd5fcf7959\"><a href=\"https:\/\/svenskjakt.se\/tag\/forvaltningsratten\/\" class=\"tag-link\" aria-label=\"F\u00f6rvaltningsr\u00e4tten\" rel=\"nofollow noopener\" target=\"_blank\">F\u00f6rvaltningsr\u00e4tten<\/a> stoppade tidigare den beslutade licensjakten i samtliga l\u00e4n.<\/p>\n<p data-beyondwords-marker=\"0f333dab-db7f-4ba9-9219-fe81306034fd\">Hur de ber\u00f6rda l\u00e4nsstyrelserna skulle hantera \u00e4rendet var oklart, fram till i fredags d\u00e5 <a href=\"https:\/\/svenskjakt.se\/tag\/vastragotaland\/\" class=\"tag-link\" aria-label=\"V\u00e4stra G\u00f6taland\" rel=\"nofollow noopener\" target=\"_blank\">V\u00e4stra G\u00f6taland<\/a>, <a href=\"https:\/\/svenskjakt.se\/tag\/sodermanland\/\" class=\"tag-link\" aria-label=\"S\u00f6dermanland\" rel=\"nofollow noopener\" target=\"_blank\">S\u00f6dermanland<\/a> och <a href=\"https:\/\/svenskjakt.se\/tag\/orebro\/\" class=\"tag-link\" aria-label=\"\u00d6rebro l\u00e4n\" rel=\"nofollow noopener\" target=\"_blank\">\u00d6rebro l\u00e4n<\/a> meddelade att de \u00f6verklagat domen.<\/p>\n<blockquote class=\"wp-embedded-content\">\n<p>                                  <img decoding=\"async\" src=\"https:\/\/www.europesays.com\/se\/wp-content\/uploads\/2025\/12\/Varg-150x150.jpg\" alt=\"Flera l\u00e4nsstyrelser \u00f6verklagar stoppad vargjakt\"\/><\/p>\n<\/blockquote>\n<p data-beyondwords-marker=\"e6e81eb7-dce2-43ea-b195-cfd2e256d248\">I dag, m\u00e5ndag, kom beskedet att \u00e4ven <a href=\"https:\/\/svenskjakt.se\/tag\/lansstyrelsen\/\" class=\"tag-link\" aria-label=\"L\u00e4nsstyrelsen\" rel=\"nofollow noopener\" target=\"_blank\">L\u00e4nsstyrelsen<\/a> <a href=\"https:\/\/svenskjakt.se\/tag\/dalarna\/\" class=\"tag-link\" aria-label=\"Dalarna\" rel=\"nofollow noopener\" target=\"_blank\">Dalarna<\/a> g\u00e5r samma v\u00e4g och \u00f6verklagar.<\/p>\n<p data-beyondwords-marker=\"55e81ead-6627-4168-ab63-64500b3fbf06\">L\u00e4nsstyrelsen <a href=\"https:\/\/svenskjakt.se\/tag\/vastmanland\/\" class=\"tag-link\" aria-label=\"V\u00e4stmanland\" rel=\"nofollow noopener\" target=\"_blank\">V\u00e4stmanland<\/a> har, n\u00e4r den h\u00e4r artikeln publiceras, \u00e4nnu inte kommit med n\u00e5got officiellt beslut \u2013 men meddelar Svensk Jakt att \u00e4ven de kommer att l\u00e4mna in ett \u00f6verklagande under m\u00e5ndagen.<\/p>\n<p data-beyondwords-marker=\"b95d0ba2-dadc-4efa-9837-d7ae4ecd0611\">D\u00e4rmed har samtliga fem l\u00e4nsstyrelser som beslutat om <a href=\"https:\/\/svenskjakt.se\/tag\/vargjakt\/\" class=\"tag-link\" aria-label=\"Vargjakt\" rel=\"nofollow noopener\" target=\"_blank\">vargjakt<\/a> \u00f6verklagat f\u00f6rvaltningsr\u00e4ttens dom.<\/p>\n<p>\nMissa ingenting \u2013 f\u00e5 Svensk Jakts nyheter i din mejlbox<br \/>\nNyhetsbrevet skickas ut varje vardag.<\/p>\n","protected":false},"excerpt":{"rendered":"Under m\u00e5ndagen ska de tv\u00e5 kvarvarande l\u00e4nsstyrelserna \u00f6verklaga f\u00f6rvaltningsr\u00e4ttens dom. D\u00e4rmed har samtliga fem ber\u00f6rda l\u00e4n g\u00e5tt samma&hellip;\n","protected":false},"author":2,"featured_media":113985,"comment_status":"","ping_status":"","sticky":false,"template":"","format":"standard","meta":{"footnotes":""},"categories":[12],"tags":[22,23,26,27,17,21,24,25,28,29,15,16,18,34,31,33,32,30,19,20],"class_list":{"0":"post-113984","1":"post","2":"type-post","3":"status-publish","4":"format-standard","5":"has-post-thumbnail","7":"category-sverige","8":"tag-breaking-news","9":"tag-breakingnews","10":"tag-featured-news","11":"tag-featurednews","12":"tag-headlines","13":"tag-huvudnyheter","14":"tag-latest-news","15":"tag-latestnews","16":"tag-main-news","17":"tag-mainnews","18":"tag-news","19":"tag-nyheter","20":"tag-rubriker","21":"tag-se","22":"tag-svenska","23":"tag-sverige","24":"tag-sweden","25":"tag-swedish","26":"tag-top-stories","27":"tag-topstories"},"share_on_mastodon":{"url":"https:\/\/pubeurope.com\/@se\/115763805450699049","error":""},"_links":{"self":[{"href":"https:\/\/www.europesays.com\/se\/wp-json\/wp\/v2\/posts\/113984","targetHints":{"allow":["GET"]}}],"collection":[{"href":"https:\/\/www.europesays.com\/se\/wp-json\/wp\/v2\/posts"}],"about":[{"href":"https:\/\/www.europesays.com\/se\/wp-json\/wp\/v2\/types\/post"}],"author":[{"embeddable":true,"href":"https:\/\/www.europesays.com\/se\/wp-json\/wp\/v2\/users\/2"}],"replies":[{"embeddable":true,"href":"https:\/\/www.europesays.com\/se\/wp-json\/wp\/v2\/comments?post=113984"}],"version-history":[{"count":0,"href":"https:\/\/www.europesays.com\/se\/wp-json\/wp\/v2\/posts\/113984\/revisions"}],"wp:featuredmedia":[{"embeddable":true,"href":"https:\/\/www.europesays.com\/se\/wp-json\/wp\/v2\/media\/113985"}],"wp:attachment":[{"href":"https:\/\/www.europesays.com\/se\/wp-json\/wp\/v2\/media?parent=113984"}],"wp:term":[{"taxonomy":"category","embeddable":true,"href":"https:\/\/www.europesays.com\/se\/wp-json\/wp\/v2\/categories?post=113984"},{"taxonomy":"post_tag","embeddable":true,"href":"https:\/\/www.europesays.com\/se\/wp-json\/wp\/v2\/tags?post=113984"}],"curies":[{"name":"wp","href":"https:\/\/api.w.org\/{rel}","templated":true}]}}