{"id":113986,"date":"2025-12-22T14:57:13","date_gmt":"2025-12-22T14:57:13","guid":{"rendered":"https:\/\/www.europesays.com\/se\/113986\/"},"modified":"2025-12-22T14:57:13","modified_gmt":"2025-12-22T14:57:13","slug":"polisutryckning-mitt-i-julhandlen-i-norrkoping","status":"publish","type":"post","link":"https:\/\/www.europesays.com\/se\/113986\/","title":{"rendered":"Polisutryckning mitt i julhandlen i Norrk\u00f6ping"},"content":{"rendered":"<p><a data-test-tag=\"internal-link\" href=\"https:\/\/www.aftonbladet.se\/av\/nora-fernstedt\" class=\"hyperion-css-13ns1rr\" rel=\"nofollow noopener\" target=\"\" aria-label=\"Se alla artiklar av Nora Fernstedt\"><img decoding=\"async\" class=\"image-asset hyperion-css-n6kkq1\" data-test-tag=\"image-asset\" src=\"https:\/\/www.europesays.com\/se\/wp-content\/uploads\/2025\/12\/1766415430_660_4898f780-21e5-4fc9-aaf6-8b2690fbf32e\"  alt=\"\"  loading=\"lazy\" fetchpriority=\"auto\" style=\"aspect-ratio:1900 \/ 1900\"\/><\/a><\/p>\n<p class=\"boxtextgrotesk-root_baa6 hyperion-css-7pajle\">Uppdaterad 15.31 | Publicerad 15.09<\/p>\n<p>share-arrowDela<\/p>\n<p>unsaveSpara<\/p>\n<p>expand-left<\/p>\n<p>helsk\u00e4rm<img decoding=\"async\" class=\"image-asset hyperion-css-u06ts1\" data-test-tag=\"image-asset\" src=\"https:\/\/www.europesays.com\/se\/wp-content\/uploads\/2025\/12\/44dbab65-04e8-42a9-b09d-32fec9285c1e\"  alt=\"\"  loading=\"eager\" fetchpriority=\"high\" style=\"aspect-ratio:1900 \/ 1124\"\/> Foto: Adam Ihse\/TT<\/p>\n<p class=\"hyperion-css-1shl3oz\" data-test-tag=\"lead-text\">Julhandeln \u00e4r inne p\u00e5 slutspurten.<\/p>\n<p class=\"hyperion-css-1shl3oz\" data-test-tag=\"lead-text\">P\u00e5 shoppingomr\u00e5det Ingelsta i Norrk\u00f6ping blev det s\u00e5 packat att polisen fick rycka ut och dirigera trafiken.<\/p>\n<p class=\"hyperion-css-1shl3oz\" data-test-tag=\"lead-text\">\u2013 Det var en ganska h\u00f6g irritationsgrad, s\u00e4ger polisens presstalesperson Mats Pettersson.<\/p>\n<p class=\"hyperion-css-1v9qo5x\">Julstressen blev p\u00e5taglig p\u00e5 handelsomr\u00e5det Ingelsta i <a data-test-tag=\"internal-link\" href=\"https:\/\/www.aftonbladet.se\/lokala-nyheter\/norrkoping\" class=\"hyperion-css-15jkft9\" rel=\"nofollow noopener\" target=\"\" aria-label=\"Norrk\u00f6ping\">Norrk\u00f6ping<\/a> p\u00e5 m\u00e5ndagen, vilket <a aria-label=\" P4 \u00d6sterg\u00f6tland \" class=\"default hyperion-css-15jkft9\" href=\"https:\/\/www.sverigesradio.se\/artikel\/polisen-tvingas-dirigera-i-julhandeln-ha-talamod\" rel=\"noopener nofollow noreferrer\" data-test-tag=\"external-link\" target=\"_blank\"> P4 \u00d6sterg\u00f6tland <\/a>var f\u00f6rst med att rapportera.<\/p>\n<p class=\"hyperion-css-1v9qo5x\">\u2013 Det var v\u00e4ldigt mycket m\u00e4nniskor som hade best\u00e4mt sig f\u00f6r att julhandla samtidigt, vilket gjorde det sv\u00e5rt att ta sig b\u00e5de in och ut fr\u00e5n handelsomr\u00e5det,  s\u00e4ger polisens presstalesperson Mats Pettersson.<\/p>\n<p>chevron-leftf\u00f6reg\u00e5ende<\/p>\n<ul class=\"carousel-container-viewport\" style=\"transform:translate3d(0%, 0, 0)\">\n<li class=\"carousel-slide\" style=\"z-index:1;filter:none(1);padding-bottom:56.52631%\"><img decoding=\"async\" class=\"image-asset hyperion-css-u06ts1\" data-test-tag=\"image-asset\" src=\"https:\/\/www.europesays.com\/se\/wp-content\/uploads\/2025\/12\/1fa880f6-e409-4a9b-8843-b357b1dffad9\"  alt=\"\"  fetchpriority=\"auto\" style=\"aspect-ratio:1900 \/ 1074\"\/><\/li>\n<li class=\"carousel-slide\" style=\"filter:none(0.3);padding-bottom:56.52631%\"><img decoding=\"async\" class=\"image-asset hyperion-css-4qoltn\" data-test-tag=\"image-asset\" src=\"https:\/\/www.europesays.com\/se\/wp-content\/uploads\/2025\/12\/1766415432_340_eea0f9f5-87cf-4b79-897b-34b35c6b5262\"  alt=\"\"  fetchpriority=\"auto\" style=\"aspect-ratio:1200 \/ 628\"\/><\/li>\n<\/ul>\n<p>expand-left<\/p>\n<p>helsk\u00e4rmchevron-rightn\u00e4sta<\/p>\n<p>1 \/ 2Foto: Magnus Andersson\/Tt<\/p>\n<p class=\"hyperion-css-1v9qo5x\">\u2013 S\u00e5 det var en anstr\u00e4ngd trafiksituation \u00f6verallt.<\/p>\n<p class=\"hyperion-css-1v9qo5x\"><strong>Vad sa de som ringde till er?<\/strong><\/p>\n<p class=\"hyperion-css-1v9qo5x\">\u2013 Att de sitter fast p\u00e5 parkeringsplatsen och inte kommer ut. Det var v\u00e4l ungef\u00e4r s\u00e5 de sa.<\/p>\n<p>\u201dH\u00f6r inte till vanligheterna\u201d<\/p>\n<p class=\"hyperion-css-1v9qo5x\">Polisen skickade dit ett par patruller som fick arbeta ett tag med att dirigera trafiken s\u00e5 att de som satt fast kunde komma ut.<\/p>\n<p class=\"hyperion-css-1v9qo5x\">\u2013 Nu har vi avvecklat det h\u00e4r och f\u00e5r \u00f6verl\u00e5ta till allm\u00e4nheten att klara detta sj\u00e4lva, s\u00e5 att s\u00e4ga. Skulle det k\u00f6ra ihop sig ordentligt igen f\u00e5r vi v\u00e4l omv\u00e4rdera och kanske \u00e5ka dit igen.<\/p>\n<p class=\"hyperion-css-1v9qo5x\"><strong>\u00c4r det h\u00e4r en vanlig arbetsuppgift f\u00f6r polisen i juletider?<\/strong><\/p>\n<p class=\"hyperion-css-1v9qo5x\">\u2013 Nej, det skulle jag v\u00e4l inte s\u00e4ga egentligen att det \u00e4r. Det ing\u00e5r i polisens uppgift naturligtvis att vara behj\u00e4lplig n\u00e4r det blir anstr\u00e4ngda trafiksituationer. Men jag skulle nog inte s\u00e4ga att det h\u00f6r till vanligheten att vi m\u00e5ste upp och dirigera trafik p\u00e5 grund av julhandel.<\/p>\n<p>Polisens r\u00e5d: V\u00e4lj annat tid<\/p>\n<p class=\"hyperion-css-1v9qo5x\">F\u00f6r den som fortfarande har klappar kvar att k\u00f6pa har Mats Pettersson n\u00e5gra tips.<\/p>\n<p class=\"hyperion-css-1v9qo5x\">\u2013 F\u00f6r det f\u00f6rsta ska man r\u00e4kna med att det kommer att vara j\u00e4ttemycket folk. Det ska man ha med sig. Och d\u00e5 ska man ocks\u00e5 packa ner sitt t\u00e5lamod, f\u00f6r man inte kan r\u00e4kna med att det ska flyta p\u00e5 smidigt \u00f6verallt.<\/p>\n<p>expand-left<\/p>\n<p>helsk\u00e4rm<img decoding=\"async\" class=\"image-asset hyperion-css-u06ts1\" data-test-tag=\"image-asset\" src=\"https:\/\/www.europesays.com\/se\/wp-content\/uploads\/2025\/12\/c645d5b0-65a6-4b3f-b4b6-b42d48381b4f\"  alt=\"\"  loading=\"eager\" fetchpriority=\"high\" style=\"aspect-ratio:1900 \/ 1267\"\/> Foto: Adam Ihse\/TT<\/p>\n<p class=\"hyperion-css-1v9qo5x\">\u2013 Det g\u00e5r inte att sv\u00e4nga in snabbt och g\u00f6ra n\u00e5gon kompletteringshandling och tro att man \u00e4r ute p\u00e5 en kvart.<\/p>\n<p class=\"hyperion-css-1v9qo5x\">Man kan ocks\u00e5 f\u00f6rs\u00f6ka v\u00e4lja en tid n\u00e4r inte s\u00e5 m\u00e5nga handlar. Nu var det som v\u00e4rst efter lunch.<\/p>\n<p class=\"hyperion-css-1v9qo5x\">\u2013  Nu f\u00e5r man v\u00e4l n\u00e4stan betrakta den h\u00e4r m\u00e5ndagen som n\u00e5gon form av kl\u00e4mdag eftersom julafton \u00e4r p\u00e5 onsdag. M\u00e5nga har v\u00e4l, som jag f\u00f6rst\u00e5r, tagit ledigt m\u00e5ndag, tisdag och g\u00f6r det h\u00e4r sista inf\u00f6r jul.<\/p>\n<p class=\"hyperion-css-1v9qo5x\">\u2013 Kan man \u00e5ka lite tidigare p\u00e5 morgonen eller lite senare p\u00e5 kv\u00e4llen s\u00e5 har man nog vunnit en del tror jag.<\/p>\n<p>expand-left<\/p>\n<p>helsk\u00e4rm<img decoding=\"async\" class=\"image-asset hyperion-css-4j19ay\" data-test-tag=\"image-asset\" src=\"https:\/\/www.europesays.com\/se\/wp-content\/uploads\/2025\/12\/1766415433_605_ed6aea30-dbc8-40a8-8879-047648c6c701\"  alt=\"Polis\"  loading=\"eager\" fetchpriority=\"high\" style=\"aspect-ratio:1200 \/ 628\"\/>Polis Foto: Johan Nilsson\/TT <\/p>\n","protected":false},"excerpt":{"rendered":"Uppdaterad 15.31 | Publicerad 15.09 share-arrowDela unsaveSpara expand-left helsk\u00e4rm Foto: Adam Ihse\/TT Julhandeln \u00e4r inne p\u00e5 slutspurten. P\u00e5&hellip;\n","protected":false},"author":2,"featured_media":113987,"comment_status":"","ping_status":"","sticky":false,"template":"","format":"standard","meta":{"footnotes":""},"categories":[5],"tags":[22,23,26,27,17,21,24,25,28,29,15,16,18,34,31,33,32,30,19,20],"class_list":{"0":"post-113986","1":"post","2":"type-post","3":"status-publish","4":"format-standard","5":"has-post-thumbnail","7":"category-rubriker","8":"tag-breaking-news","9":"tag-breakingnews","10":"tag-featured-news","11":"tag-featurednews","12":"tag-headlines","13":"tag-huvudnyheter","14":"tag-latest-news","15":"tag-latestnews","16":"tag-main-news","17":"tag-mainnews","18":"tag-news","19":"tag-nyheter","20":"tag-rubriker","21":"tag-se","22":"tag-svenska","23":"tag-sverige","24":"tag-sweden","25":"tag-swedish","26":"tag-top-stories","27":"tag-topstories"},"share_on_mastodon":{"url":"https:\/\/pubeurope.com\/@se\/115763809167277873","error":""},"_links":{"self":[{"href":"https:\/\/www.europesays.com\/se\/wp-json\/wp\/v2\/posts\/113986","targetHints":{"allow":["GET"]}}],"collection":[{"href":"https:\/\/www.europesays.com\/se\/wp-json\/wp\/v2\/posts"}],"about":[{"href":"https:\/\/www.europesays.com\/se\/wp-json\/wp\/v2\/types\/post"}],"author":[{"embeddable":true,"href":"https:\/\/www.europesays.com\/se\/wp-json\/wp\/v2\/users\/2"}],"replies":[{"embeddable":true,"href":"https:\/\/www.europesays.com\/se\/wp-json\/wp\/v2\/comments?post=113986"}],"version-history":[{"count":0,"href":"https:\/\/www.europesays.com\/se\/wp-json\/wp\/v2\/posts\/113986\/revisions"}],"wp:featuredmedia":[{"embeddable":true,"href":"https:\/\/www.europesays.com\/se\/wp-json\/wp\/v2\/media\/113987"}],"wp:attachment":[{"href":"https:\/\/www.europesays.com\/se\/wp-json\/wp\/v2\/media?parent=113986"}],"wp:term":[{"taxonomy":"category","embeddable":true,"href":"https:\/\/www.europesays.com\/se\/wp-json\/wp\/v2\/categories?post=113986"},{"taxonomy":"post_tag","embeddable":true,"href":"https:\/\/www.europesays.com\/se\/wp-json\/wp\/v2\/tags?post=113986"}],"curies":[{"name":"wp","href":"https:\/\/api.w.org\/{rel}","templated":true}]}}