{"id":113988,"date":"2025-12-22T14:59:09","date_gmt":"2025-12-22T14:59:09","guid":{"rendered":"https:\/\/www.europesays.com\/se\/113988\/"},"modified":"2025-12-22T14:59:09","modified_gmt":"2025-12-22T14:59:09","slug":"officiellt-hammarby-flyttar-upp-oscar-steinke-branby-allsvenskan","status":"publish","type":"post","link":"https:\/\/www.europesays.com\/se\/113988\/","title":{"rendered":"Officiellt: Hammarby flyttar upp Oscar Steinke Br\u00e5nby &#8211; Allsvenskan"},"content":{"rendered":"<p>Den g\u00e5ngna s\u00e4songen spelade Oscar Steinke Br\u00e5nby samtliga 32 t\u00e4vlingsmatcher f\u00f6r HTFF n\u00e4r klubben tog sig till kvalspel om plats i superettan. <\/p>\n<p>19-\u00e5ringen har varit en del av Hammarbys verksamhet sedan 2022 och flyttas nu upp i A-laget. Backen har skrivit p\u00e5 ett fem\u00e5rskontrakt.<\/p>\n<p>&#8211; Det k\u00e4nns sjukt kul, jag \u00e4r v\u00e4ldigt stolt och ser fram emot att b\u00f6rja tr\u00e4na efter ny\u00e5r, s\u00e4ger Oscar Steinke Br\u00e5nby till Bajens webbplats.<\/p>\n<p>Sportchef Mikael Hjelmberg fyller i:<\/p>\n<p>&#8211;\u00a0Det k\u00e4nns fantastiskt kul att Oscar f\u00f6rl\u00e4ngt sitt avtal med Hammarby. Oscar har haft en v\u00e4ldigt fin utveckling under \u00e5ret i HTFF och varit en av de allra mest framtr\u00e4dande spelarna, s\u00e4ger Hjelmberg och forts\u00e4tter:<\/p>\n<p>&#8211; Oscar kommer i f\u00f6rsta hand att konkurrera som v\u00e4nsterback men vi ser honom \u00e4ven anv\u00e4ndbar p\u00e5 flera positioner. Han har en arbetskapacitet som \u00e4r imponerande men \u00e4ven en teknik som g\u00f6r att han beh\u00e4rskar bollen p\u00e5 ett funktionellt och bra s\u00e4tt. Vi ser verkligen fram emot att arbeta med honom.<\/p>\n<p>Steinke Br\u00e5nby l\u00e4ngtar redan till premi\u00e4rtr\u00e4ningen med resten av A-truppen den sj\u00e4tte januari n\u00e4sta \u00e5r.<\/p>\n<p>&#8211; Jag ser fram emot komma in i vardagen och tr\u00e4na och k\u00e4mpa om en plats men s\u00e5klart ocks\u00e5 att f\u00e5 spela inf\u00f6r supportrarna, s\u00e4ger 19-\u00e5ringen.<\/p>\n<p>Oscar Steinke Br\u00e5nby har gjort kamper f\u00f6r det svenska U16-, U17- och U18-landslaget. Han har ett f\u00f6rflutet inom Boo FF:s ungdomsakademi. <\/p>\n<p>Hammarby slutade p\u00e5 andra plats i allsvenskan 2025. <\/p>\n","protected":false},"excerpt":{"rendered":"Den g\u00e5ngna s\u00e4songen spelade Oscar Steinke Br\u00e5nby samtliga 32 t\u00e4vlingsmatcher f\u00f6r HTFF n\u00e4r klubben tog sig till kvalspel&hellip;\n","protected":false},"author":2,"featured_media":113989,"comment_status":"","ping_status":"","sticky":false,"template":"","format":"standard","meta":{"footnotes":""},"categories":[68],"tags":[34,111,110,31,33,32,30],"class_list":{"0":"post-113988","1":"post","2":"type-post","3":"status-publish","4":"format-standard","5":"has-post-thumbnail","7":"category-sport","8":"tag-se","9":"tag-sport","10":"tag-sports","11":"tag-svenska","12":"tag-sverige","13":"tag-sweden","14":"tag-swedish"},"share_on_mastodon":{"url":"https:\/\/pubeurope.com\/@se\/115763817050887234","error":""},"_links":{"self":[{"href":"https:\/\/www.europesays.com\/se\/wp-json\/wp\/v2\/posts\/113988","targetHints":{"allow":["GET"]}}],"collection":[{"href":"https:\/\/www.europesays.com\/se\/wp-json\/wp\/v2\/posts"}],"about":[{"href":"https:\/\/www.europesays.com\/se\/wp-json\/wp\/v2\/types\/post"}],"author":[{"embeddable":true,"href":"https:\/\/www.europesays.com\/se\/wp-json\/wp\/v2\/users\/2"}],"replies":[{"embeddable":true,"href":"https:\/\/www.europesays.com\/se\/wp-json\/wp\/v2\/comments?post=113988"}],"version-history":[{"count":0,"href":"https:\/\/www.europesays.com\/se\/wp-json\/wp\/v2\/posts\/113988\/revisions"}],"wp:featuredmedia":[{"embeddable":true,"href":"https:\/\/www.europesays.com\/se\/wp-json\/wp\/v2\/media\/113989"}],"wp:attachment":[{"href":"https:\/\/www.europesays.com\/se\/wp-json\/wp\/v2\/media?parent=113988"}],"wp:term":[{"taxonomy":"category","embeddable":true,"href":"https:\/\/www.europesays.com\/se\/wp-json\/wp\/v2\/categories?post=113988"},{"taxonomy":"post_tag","embeddable":true,"href":"https:\/\/www.europesays.com\/se\/wp-json\/wp\/v2\/tags?post=113988"}],"curies":[{"name":"wp","href":"https:\/\/api.w.org\/{rel}","templated":true}]}}