{"id":113990,"date":"2025-12-22T15:00:07","date_gmt":"2025-12-22T15:00:07","guid":{"rendered":"https:\/\/www.europesays.com\/se\/113990\/"},"modified":"2025-12-22T15:00:07","modified_gmt":"2025-12-22T15:00:07","slug":"trailer-till-nolans-the-odyssey-slappt-vasterbottens-kuriren","status":"publish","type":"post","link":"https:\/\/www.europesays.com\/se\/113990\/","title":{"rendered":"Trailer till Nolans \u201dThe Odyssey\u201d sl\u00e4ppt &#8211; V\u00e4sterbottens-Kuriren"},"content":{"rendered":"<ol>\n<li><a href=\"https:\/\/news.google.com\/rss\/articles\/CBMifkFVX3lxTE1PTkpQc0h1TmZoLWdxaEFKSTFsUEJqV25ZWFJ5MW5DM3psWjRiUDh5dGtzMHF5MlFsMVAzQ3U5YVVUMUhUbHJ0MmVTRzNBV08tUHVIcDFfVWVTSHFWbXdVSl9LV3lobzNDaUFpZjkxSXdoYWNJd1FpSDdMblJyUQ?oc=5\" target=\"_blank\" rel=\"nofollow noopener\">Trailer till Nolans \u201dThe Odyssey\u201d sl\u00e4ppt<\/a>&nbsp;&nbsp;V\u00e4sterbottens-Kuriren<\/li>\n<li><a href=\"https:\/\/news.google.com\/rss\/articles\/CBMirgFBVV95cUxNNmxEM2JNVEdLODhnSU9NYXBDMERHdUo0aEQxVldvbnNYU1liT1duV3dyN1RzUXY4YzNpWG5WdmhWVzhKc2FlTGJGbHkzSFE3Wl9nSzZ6ckhudklpdFE4Um5qRzFvdXdaZkpYTGQtcFluUTFpRlA0OFZ0eUk1MmNBZldhMGhaMUlEdzJOVk5xWXNxNFdEcnFhNmt0cWR2SWRqaTVLUWdfMGlhWTRzNlE?oc=5\" target=\"_blank\" rel=\"nofollow noopener\">Trailerpremi\u00e4r: &#8221;The Odyssey&#8221; blir Christopher Nolans mest episka film n\u00e5gonsin<\/a>&nbsp;&nbsp;MovieZine.se<\/li>\n<li><a href=\"https:\/\/news.google.com\/rss\/articles\/CBMiekFVX3lxTE02cV9PNGs4eVB4QU9ERlBUN25VSmlobzRwNF9wTF9RVXNlcE9BaE1oV3ZOQXNtcXY1RkNob0plcWRRSlQ4ZkdBNEZRQ0w4S0duOEJoall2YmFNNGxoTG9xbnF3ZmJNbHUzb1dodzVxcHQ4XzBtMTltS0R3?oc=5\" target=\"_blank\" rel=\"nofollow noopener\">Odysseus h\u00f6lls som sexslav i sju \u00e5r: Nu filmatiseras den antika sp\u00e4nningsromanen<\/a>&nbsp;&nbsp;V\u00e4rldens Historia<\/li>\n<li><a href=\"https:\/\/news.google.com\/rss\/articles\/CBMigAFBVV95cUxOZjhQSjBYYzFrZ1dvUnBfRXFhaG42Q05yS2cxSGJMZ2Z6QVloUHN3c2tzcjM5bmZlUV9IN2IwNjZwcHNiWWRMQTFKQmFkY2l5UEUyUzhpMDBqT2ZZaHktZ0d3QU9TUzY4Um1YZlpvQWJ3YTFvWi1nUWgzNkdvQ1U5eA?oc=5\" target=\"_blank\" rel=\"nofollow noopener\">Trailer: Christopher Nolans \u201cThe Odyssey\u201d<\/a>&nbsp;&nbsp;Filmparadiset<\/li>\n<\/ol>\n","protected":false},"excerpt":{"rendered":"Trailer till Nolans \u201dThe Odyssey\u201d sl\u00e4ppt&nbsp;&nbsp;V\u00e4sterbottens-Kuriren Trailerpremi\u00e4r: &#8221;The Odyssey&#8221; blir Christopher Nolans mest episka film n\u00e5gonsin&nbsp;&nbsp;MovieZine.se Odysseus h\u00f6lls&hellip;\n","protected":false},"author":2,"featured_media":113991,"comment_status":"","ping_status":"","sticky":false,"template":"","format":"standard","meta":{"footnotes":""},"categories":[67],"tags":[104,34,31,33,32,30,105],"class_list":{"0":"post-113990","1":"post","2":"type-post","3":"status-publish","4":"format-standard","5":"has-post-thumbnail","7":"category-underhallning","8":"tag-entertainment","9":"tag-se","10":"tag-svenska","11":"tag-sverige","12":"tag-sweden","13":"tag-swedish","14":"tag-underhallning"},"share_on_mastodon":{"url":"https:\/\/pubeurope.com\/@se\/115763821019119649","error":""},"_links":{"self":[{"href":"https:\/\/www.europesays.com\/se\/wp-json\/wp\/v2\/posts\/113990","targetHints":{"allow":["GET"]}}],"collection":[{"href":"https:\/\/www.europesays.com\/se\/wp-json\/wp\/v2\/posts"}],"about":[{"href":"https:\/\/www.europesays.com\/se\/wp-json\/wp\/v2\/types\/post"}],"author":[{"embeddable":true,"href":"https:\/\/www.europesays.com\/se\/wp-json\/wp\/v2\/users\/2"}],"replies":[{"embeddable":true,"href":"https:\/\/www.europesays.com\/se\/wp-json\/wp\/v2\/comments?post=113990"}],"version-history":[{"count":0,"href":"https:\/\/www.europesays.com\/se\/wp-json\/wp\/v2\/posts\/113990\/revisions"}],"wp:featuredmedia":[{"embeddable":true,"href":"https:\/\/www.europesays.com\/se\/wp-json\/wp\/v2\/media\/113991"}],"wp:attachment":[{"href":"https:\/\/www.europesays.com\/se\/wp-json\/wp\/v2\/media?parent=113990"}],"wp:term":[{"taxonomy":"category","embeddable":true,"href":"https:\/\/www.europesays.com\/se\/wp-json\/wp\/v2\/categories?post=113990"},{"taxonomy":"post_tag","embeddable":true,"href":"https:\/\/www.europesays.com\/se\/wp-json\/wp\/v2\/tags?post=113990"}],"curies":[{"name":"wp","href":"https:\/\/api.w.org\/{rel}","templated":true}]}}