{"id":113996,"date":"2025-12-22T15:04:08","date_gmt":"2025-12-22T15:04:08","guid":{"rendered":"https:\/\/www.europesays.com\/se\/113996\/"},"modified":"2025-12-22T15:04:08","modified_gmt":"2025-12-22T15:04:08","slug":"uppdrag-till-rymdstyrelsen-ska-starka-sverige-som-rymdnation","status":"publish","type":"post","link":"https:\/\/www.europesays.com\/se\/113996\/","title":{"rendered":"Uppdrag till Rymdstyrelsen ska st\u00e4rka Sverige som rymdnation"},"content":{"rendered":"<p>&#13;<br \/>\nRegeringen ger Rymdstyrelsen i uppdrag att utreda f\u00f6ruts\u00e4ttningarna f\u00f6r en ny organisation f\u00f6r pr\u00f6vning av tillst\u00e5nd f\u00f6r rymdverksamhet. Syftet \u00e4r att modernisera och effektivisera systemet f\u00f6r tillst\u00e5ndspr\u00f6vningen. <\/p>\n<p>Rymdsektorn \u00e4r viktig f\u00f6r det svenska samh\u00e4llet och p\u00e5 senare \u00e5r har det skett en \u00f6kad kommersiell satsning p\u00e5 rymdverksamhet. F\u00f6r att m\u00f6ta de krav som omv\u00e4rlden och utvecklingen p\u00e5 rymdomr\u00e5det st\u00e4ller tar regeringen fram en ny rymdlag. Den nya lagen kommer att inneh\u00e5lla utvecklade och moderna regler om tillst\u00e5nd och tillsyn \u00f6ver rymdverksamhet.<\/p>\n<p>Regeringens beslut inneb\u00e4r att Rymdstyrelsen f\u00e5r i uppdrag att utreda hur tillst\u00e5ndspr\u00f6vningen f\u00f6r rymdverksamhet kan se ut n\u00e4r den nya lagen \u00e4r p\u00e5 plats. Uppdraget omfattar bland annat:<\/p>\n<ul>\n<li>en redovisning av hur tillst\u00e5ndspr\u00f6vningen kan organiseras, inklusive beslutsstruktur, bemanning och kompetensbehov,<\/li>\n<li>en beskrivning av vilka resurser och kompetenser som beh\u00f6ver tillf\u00f6ras samt kostnader f\u00f6r detta,<\/li>\n<li>ett f\u00f6rslag p\u00e5 en pr\u00f6vningsprocess som uppfyller krav p\u00e5 r\u00e4ttss\u00e4kerhet, transparens och f\u00f6rutsebarhet.<\/li>\n<\/ul>\n<p>\u2013 Uppdraget har stor praktisk betydelse. Det nuvarande systemet f\u00f6r tillst\u00e5ndspr\u00f6vning och tillsyn beh\u00f6ver moderniseras. Uppdraget \u00e4r ett viktigt steg i den riktningen. Svensk rymdverksamhet ska bedrivas p\u00e5 ett s\u00e4kert och tryggt s\u00e4tt, s\u00e4ger justitieminister Gunnar Str\u00f6mmer.<\/p>\n<p>\u2013 Nu tar vi som land ett viktigt steg som rymdnation. De senaste \u00e5rens utveckling p\u00e5 rymdomr\u00e5det inneb\u00e4r unika m\u00f6jligheter f\u00f6r Sverige att v\u00e4xa som rymdnation och akt\u00f6r p\u00e5 den globala rymdmarknaden. Ett effektivt och r\u00e4ttss\u00e4kert system f\u00f6r tillst\u00e5ndspr\u00f6vning \u00e4r helt avg\u00f6rande f\u00f6r detta, s\u00e4ger Lotta Edholm, gymnasie-, h\u00f6gskole- och forskningsminister.<\/p>\n<p>Uppdraget ska redovisas senast den 16 mars 2026.<\/p>\n","protected":false},"excerpt":{"rendered":"&#13; Regeringen ger Rymdstyrelsen i uppdrag att utreda f\u00f6ruts\u00e4ttningarna f\u00f6r en ny organisation f\u00f6r pr\u00f6vning av tillst\u00e5nd f\u00f6r&hellip;\n","protected":false},"author":2,"featured_media":67452,"comment_status":"","ping_status":"","sticky":false,"template":"","format":"standard","meta":{"footnotes":""},"categories":[12],"tags":[22,23,26,27,17,21,24,25,28,29,15,16,18,34,31,33,32,30,19,20],"class_list":{"0":"post-113996","1":"post","2":"type-post","3":"status-publish","4":"format-standard","5":"has-post-thumbnail","7":"category-sverige","8":"tag-breaking-news","9":"tag-breakingnews","10":"tag-featured-news","11":"tag-featurednews","12":"tag-headlines","13":"tag-huvudnyheter","14":"tag-latest-news","15":"tag-latestnews","16":"tag-main-news","17":"tag-mainnews","18":"tag-news","19":"tag-nyheter","20":"tag-rubriker","21":"tag-se","22":"tag-svenska","23":"tag-sverige","24":"tag-sweden","25":"tag-swedish","26":"tag-top-stories","27":"tag-topstories"},"share_on_mastodon":{"url":"https:\/\/pubeurope.com\/@se\/115763836652848723","error":""},"_links":{"self":[{"href":"https:\/\/www.europesays.com\/se\/wp-json\/wp\/v2\/posts\/113996","targetHints":{"allow":["GET"]}}],"collection":[{"href":"https:\/\/www.europesays.com\/se\/wp-json\/wp\/v2\/posts"}],"about":[{"href":"https:\/\/www.europesays.com\/se\/wp-json\/wp\/v2\/types\/post"}],"author":[{"embeddable":true,"href":"https:\/\/www.europesays.com\/se\/wp-json\/wp\/v2\/users\/2"}],"replies":[{"embeddable":true,"href":"https:\/\/www.europesays.com\/se\/wp-json\/wp\/v2\/comments?post=113996"}],"version-history":[{"count":0,"href":"https:\/\/www.europesays.com\/se\/wp-json\/wp\/v2\/posts\/113996\/revisions"}],"wp:featuredmedia":[{"embeddable":true,"href":"https:\/\/www.europesays.com\/se\/wp-json\/wp\/v2\/media\/67452"}],"wp:attachment":[{"href":"https:\/\/www.europesays.com\/se\/wp-json\/wp\/v2\/media?parent=113996"}],"wp:term":[{"taxonomy":"category","embeddable":true,"href":"https:\/\/www.europesays.com\/se\/wp-json\/wp\/v2\/categories?post=113996"},{"taxonomy":"post_tag","embeddable":true,"href":"https:\/\/www.europesays.com\/se\/wp-json\/wp\/v2\/tags?post=113996"}],"curies":[{"name":"wp","href":"https:\/\/api.w.org\/{rel}","templated":true}]}}