{"id":114000,"date":"2025-12-22T15:08:09","date_gmt":"2025-12-22T15:08:09","guid":{"rendered":"https:\/\/www.europesays.com\/se\/114000\/"},"modified":"2025-12-22T15:08:09","modified_gmt":"2025-12-22T15:08:09","slug":"brackekoren-har-stadigt-utvecklats-bland-annat-i-england","status":"publish","type":"post","link":"https:\/\/www.europesays.com\/se\/114000\/","title":{"rendered":"Br\u00e4ckek\u00f6ren har stadigt utvecklats \u2013 bland annat i England"},"content":{"rendered":"<p>    BR\u00c4CKE (JT) Den har vuxit fr\u00e5n att bara vara fyra s\u00e5ngare f\u00f6r 27 \u00e5r sedan till att i dag vara mer \u00e4n 30. Den har varit p\u00e5 studieresor till England och upptr\u00e4tt med stora svenska artister. Br\u00e4ckek\u00f6ren \u00e4r \u00e5rets kulturpristagare i kommunen.<\/p>\n<p>P\u00e5 \u00e5rets sista kommunfullm\u00e4ktige delades kulturpriset i kommunen ut. I \u00e5r tillf\u00f6ll det Br\u00e4ckek\u00f6ren, som enligt motiveringen \u201cskapar en fantastisk musikalisk atmosf\u00e4r under hela \u00e5ret. Vare sig det handlar om valborg, sommar eller jul \u00e4r b\u00e4nkarna fullsatta n\u00e4r Br\u00e4ckek\u00f6ren f\u00f6rgyller kyrkan med sina konserter.\u201d<\/p>\n","protected":false},"excerpt":{"rendered":"BR\u00c4CKE (JT) Den har vuxit fr\u00e5n att bara vara fyra s\u00e5ngare f\u00f6r 27 \u00e5r sedan till att i&hellip;\n","protected":false},"author":2,"featured_media":114001,"comment_status":"","ping_status":"","sticky":false,"template":"","format":"standard","meta":{"footnotes":""},"categories":[67],"tags":[104,34,31,33,32,30,105],"class_list":{"0":"post-114000","1":"post","2":"type-post","3":"status-publish","4":"format-standard","5":"has-post-thumbnail","7":"category-underhallning","8":"tag-entertainment","9":"tag-se","10":"tag-svenska","11":"tag-sverige","12":"tag-sweden","13":"tag-swedish","14":"tag-underhallning"},"share_on_mastodon":{"url":"https:\/\/pubeurope.com\/@se\/115763852296901462","error":""},"_links":{"self":[{"href":"https:\/\/www.europesays.com\/se\/wp-json\/wp\/v2\/posts\/114000","targetHints":{"allow":["GET"]}}],"collection":[{"href":"https:\/\/www.europesays.com\/se\/wp-json\/wp\/v2\/posts"}],"about":[{"href":"https:\/\/www.europesays.com\/se\/wp-json\/wp\/v2\/types\/post"}],"author":[{"embeddable":true,"href":"https:\/\/www.europesays.com\/se\/wp-json\/wp\/v2\/users\/2"}],"replies":[{"embeddable":true,"href":"https:\/\/www.europesays.com\/se\/wp-json\/wp\/v2\/comments?post=114000"}],"version-history":[{"count":0,"href":"https:\/\/www.europesays.com\/se\/wp-json\/wp\/v2\/posts\/114000\/revisions"}],"wp:featuredmedia":[{"embeddable":true,"href":"https:\/\/www.europesays.com\/se\/wp-json\/wp\/v2\/media\/114001"}],"wp:attachment":[{"href":"https:\/\/www.europesays.com\/se\/wp-json\/wp\/v2\/media?parent=114000"}],"wp:term":[{"taxonomy":"category","embeddable":true,"href":"https:\/\/www.europesays.com\/se\/wp-json\/wp\/v2\/categories?post=114000"},{"taxonomy":"post_tag","embeddable":true,"href":"https:\/\/www.europesays.com\/se\/wp-json\/wp\/v2\/tags?post=114000"}],"curies":[{"name":"wp","href":"https:\/\/api.w.org\/{rel}","templated":true}]}}