{"id":114024,"date":"2025-12-22T15:31:23","date_gmt":"2025-12-22T15:31:23","guid":{"rendered":"https:\/\/www.europesays.com\/se\/114024\/"},"modified":"2025-12-22T15:31:23","modified_gmt":"2025-12-22T15:31:23","slug":"extrem-halka-i-jultrafiken-polisen-varnar","status":"publish","type":"post","link":"https:\/\/www.europesays.com\/se\/114024\/","title":{"rendered":"\u201dExtrem halka\u201d i jultrafiken \u2013 polisen varnar"},"content":{"rendered":"<p>Tv\u00e5 fordon har krockat i jultrafiken p\u00e5 E4:an utanf\u00f6r Tierp i norrg\u00e5ende riktning. <\/p>\n<p>Ingen person har skadats, men olyckan ska ha orsakats av blixthalka, skriver polisen. Nu varnar man bilister f\u00f6r den \u201dextrema halkan\u201d p\u00e5 motorv\u00e4gen norr om Uppsala och uppmanar f\u00f6rare att iaktta f\u00f6rsiktighet.<\/p>\n<p>\u00c4ven i landets v\u00e4stra delar r\u00e5der halt v\u00e4gunderlag. P4 V\u00e4st rapporterar att det \u00e4r risk f\u00f6r ishalka p\u00e5 flera v\u00e4gar i regionen, bland annat riksv\u00e4g 44 mellan Trollh\u00e4ttan och Uddevalla samt E45 runt V\u00e4nersborg. <\/p>\n<p>Omni \u00e4r politiskt obundna och oberoende. Vi str\u00e4var efter att ge fler perspektiv p\u00e5 nyheterna. Har du fr\u00e5gor eller synpunkter kring v\u00e5r rapportering? <a href=\"https:\/\/omni.se\/polisen-varnar-for-blixthalka-pa-e4\/a\/mailto:redaktion@omni.se\" class=\"ArticleActions_contactLink__W2F1M\" rel=\"nofollow noopener\" target=\"_blank\">Kontakta redaktionen<\/a><\/p>\n","protected":false},"excerpt":{"rendered":"Tv\u00e5 fordon har krockat i jultrafiken p\u00e5 E4:an utanf\u00f6r Tierp i norrg\u00e5ende riktning. Ingen person har skadats, men&hellip;\n","protected":false},"author":2,"featured_media":114025,"comment_status":"","ping_status":"","sticky":false,"template":"","format":"standard","meta":{"footnotes":""},"categories":[12],"tags":[22,23,26,27,17,21,24,25,28,29,15,16,18,34,31,33,32,30,12435,19,20,366,12434,1677,2424,2426,693,12433,1084],"class_list":{"0":"post-114024","1":"post","2":"type-post","3":"status-publish","4":"format-standard","5":"has-post-thumbnail","7":"category-sverige","8":"tag-breaking-news","9":"tag-breakingnews","10":"tag-featured-news","11":"tag-featurednews","12":"tag-headlines","13":"tag-huvudnyheter","14":"tag-latest-news","15":"tag-latestnews","16":"tag-main-news","17":"tag-mainnews","18":"tag-news","19":"tag-nyheter","20":"tag-rubriker","21":"tag-se","22":"tag-svenska","23":"tag-sverige","24":"tag-sweden","25":"tag-swedish","26":"tag-tierp","27":"tag-top-stories","28":"tag-topstories","29":"tag-trafik","30":"tag-trollhattan","31":"tag-uddevalla","32":"tag-uppsala","33":"tag-uppsala-lan","34":"tag-vader","35":"tag-vanersborg","36":"tag-vastra-gotalands-lan"},"share_on_mastodon":{"url":"https:\/\/pubeurope.com\/@se\/115763942766832151","error":""},"_links":{"self":[{"href":"https:\/\/www.europesays.com\/se\/wp-json\/wp\/v2\/posts\/114024","targetHints":{"allow":["GET"]}}],"collection":[{"href":"https:\/\/www.europesays.com\/se\/wp-json\/wp\/v2\/posts"}],"about":[{"href":"https:\/\/www.europesays.com\/se\/wp-json\/wp\/v2\/types\/post"}],"author":[{"embeddable":true,"href":"https:\/\/www.europesays.com\/se\/wp-json\/wp\/v2\/users\/2"}],"replies":[{"embeddable":true,"href":"https:\/\/www.europesays.com\/se\/wp-json\/wp\/v2\/comments?post=114024"}],"version-history":[{"count":0,"href":"https:\/\/www.europesays.com\/se\/wp-json\/wp\/v2\/posts\/114024\/revisions"}],"wp:featuredmedia":[{"embeddable":true,"href":"https:\/\/www.europesays.com\/se\/wp-json\/wp\/v2\/media\/114025"}],"wp:attachment":[{"href":"https:\/\/www.europesays.com\/se\/wp-json\/wp\/v2\/media?parent=114024"}],"wp:term":[{"taxonomy":"category","embeddable":true,"href":"https:\/\/www.europesays.com\/se\/wp-json\/wp\/v2\/categories?post=114024"},{"taxonomy":"post_tag","embeddable":true,"href":"https:\/\/www.europesays.com\/se\/wp-json\/wp\/v2\/tags?post=114024"}],"curies":[{"name":"wp","href":"https:\/\/api.w.org\/{rel}","templated":true}]}}