{"id":114041,"date":"2025-12-22T15:46:06","date_gmt":"2025-12-22T15:46:06","guid":{"rendered":"https:\/\/www.europesays.com\/se\/114041\/"},"modified":"2025-12-22T15:46:06","modified_gmt":"2025-12-22T15:46:06","slug":"elfel-stoppar-tagtrafiken-mellan-goteborg-och-stockholm","status":"publish","type":"post","link":"https:\/\/www.europesays.com\/se\/114041\/","title":{"rendered":"Elfel stoppar t\u00e5gtrafiken mellan G\u00f6teborg och Stockholm"},"content":{"rendered":"<p>Ett elfel mellan P\u00e5lsboda i Hallsbergs kommun och Kilsmo i \u00d6rebro kommun har orsakat st\u00f6rningar i t\u00e5gtrafiken. Ett t\u00e5g som f\u00e4rdades mellan Stockholm och Oslo trasslade in sig i ledningarna och fick evakueras. Sedan lunchtid \u00e4r str\u00e4ckan oframkomlig och trafiken leds om och ers\u00e4tts med bussar, enligt Trafikverket. <\/p>\n<p>\u00c4ven str\u00e4ckan Karlstad \u2013 Stockholm p\u00e5verkas av elfelet. Trafikverket v\u00e4ntas bli f\u00e4rdiga med arbetet till 17:00. <\/p>\n","protected":false},"excerpt":{"rendered":"Ett elfel mellan P\u00e5lsboda i Hallsbergs kommun och Kilsmo i \u00d6rebro kommun har orsakat st\u00f6rningar i t\u00e5gtrafiken. Ett&hellip;\n","protected":false},"author":2,"featured_media":114042,"comment_status":"","ping_status":"","sticky":false,"template":"","format":"standard","meta":{"footnotes":""},"categories":[14],"tags":[22,23,26,27,17,21,24,25,28,29,15,16,18,34,31,33,32,30,19,20,51,52,53,54],"class_list":{"0":"post-114041","1":"post","2":"type-post","3":"status-publish","4":"format-standard","5":"has-post-thumbnail","7":"category-varlden","8":"tag-breaking-news","9":"tag-breakingnews","10":"tag-featured-news","11":"tag-featurednews","12":"tag-headlines","13":"tag-huvudnyheter","14":"tag-latest-news","15":"tag-latestnews","16":"tag-main-news","17":"tag-mainnews","18":"tag-news","19":"tag-nyheter","20":"tag-rubriker","21":"tag-se","22":"tag-svenska","23":"tag-sverige","24":"tag-sweden","25":"tag-swedish","26":"tag-top-stories","27":"tag-topstories","28":"tag-varlden","29":"tag-world","30":"tag-world-news","31":"tag-worldnews"},"share_on_mastodon":{"url":"https:\/\/pubeurope.com\/@se\/115764001831655285","error":""},"_links":{"self":[{"href":"https:\/\/www.europesays.com\/se\/wp-json\/wp\/v2\/posts\/114041","targetHints":{"allow":["GET"]}}],"collection":[{"href":"https:\/\/www.europesays.com\/se\/wp-json\/wp\/v2\/posts"}],"about":[{"href":"https:\/\/www.europesays.com\/se\/wp-json\/wp\/v2\/types\/post"}],"author":[{"embeddable":true,"href":"https:\/\/www.europesays.com\/se\/wp-json\/wp\/v2\/users\/2"}],"replies":[{"embeddable":true,"href":"https:\/\/www.europesays.com\/se\/wp-json\/wp\/v2\/comments?post=114041"}],"version-history":[{"count":0,"href":"https:\/\/www.europesays.com\/se\/wp-json\/wp\/v2\/posts\/114041\/revisions"}],"wp:featuredmedia":[{"embeddable":true,"href":"https:\/\/www.europesays.com\/se\/wp-json\/wp\/v2\/media\/114042"}],"wp:attachment":[{"href":"https:\/\/www.europesays.com\/se\/wp-json\/wp\/v2\/media?parent=114041"}],"wp:term":[{"taxonomy":"category","embeddable":true,"href":"https:\/\/www.europesays.com\/se\/wp-json\/wp\/v2\/categories?post=114041"},{"taxonomy":"post_tag","embeddable":true,"href":"https:\/\/www.europesays.com\/se\/wp-json\/wp\/v2\/tags?post=114041"}],"curies":[{"name":"wp","href":"https:\/\/api.w.org\/{rel}","templated":true}]}}