{"id":114046,"date":"2025-12-22T15:51:09","date_gmt":"2025-12-22T15:51:09","guid":{"rendered":"https:\/\/www.europesays.com\/se\/114046\/"},"modified":"2025-12-22T15:51:09","modified_gmt":"2025-12-22T15:51:09","slug":"bk-hacken-presenterar-ny-huvudtranare","status":"publish","type":"post","link":"https:\/\/www.europesays.com\/se\/114046\/","title":{"rendered":"BK H\u00e4cken presenterar ny huvudtr\u00e4nare"},"content":{"rendered":"<p><strong>BK H\u00e4cken har gjort klart med ny huvudtr\u00e4nare. Elena Sadiku l\u00e4mnar skotska Celtic f\u00f6r att ta \u00f6ver svenska m\u00e4starna.<\/strong><\/p>\n<p><strong>\u2013 Elena kommer in med b\u00e5de nyfikenhet och erfarenhet, f\u00f6r att driva oss till n\u00e4sta niv\u00e5, s\u00e4ger BK H\u00e4ckens fotbollschef Martin Ericsson.<\/strong><\/p>\n<p>Efter fyra raka andraplatser ledde Mak Lind i \u00e5r BK H\u00e4cken till klubbens f\u00f6rsta SM-guld p\u00e5 damsidan. Veckan d\u00e4rp\u00e5 slog laget ut Inter i Europacupen och tog sig vidare till kvartsfinal men strax d\u00e4refter stod det klart att Mak Lind tar steget vidare till ett annat tr\u00e4naruppdrag.<\/p>\n<p>Nu \u00e4r det klart vem som ers\u00e4tter honom som huvudtr\u00e4nare, d\u00e5 Elena Sadiku skrivit ett tre\u00e5rsavtal med BK H\u00e4cken och d\u00e4rmed l\u00e4mnar Celtic. Under sina tv\u00e5 \u00e5r i Skottland ledde hon Celtic till klubbens f\u00f6rsta ligaguld och till deras f\u00f6rsta gruppspel i Champions League.<\/p>\n<p>\u2013 Vi har letat efter en tr\u00e4nare som kan komma in och forts\u00e4tta utveckla och f\u00f6r\u00e4dla det vi byggt upp. Elena \u00e4r v\u00e4ldigt driven och intresserad av n\u00e4sta steg, av utveckling av b\u00e5de oss som lag och klubb och av sig sj\u00e4lv \u2013 kombinerat med \u00a0den erfarenhet hon byggt p\u00e5 sig de senaste \u00e5ren. Det finns en tydlighet i henne att vi ska g\u00f6ra det h\u00e4r tillsammans som vi gillar, s\u00e4ger BK H\u00e4ckens fotbollschef Martin Ericsson.<\/p>\n<p>Elena Sadiku tvingades avsluta sin spelarkarri\u00e4r p\u00e5 grund av skador redan som 23-\u00e5ring men skiftade direkt \u00f6ver till tr\u00e4narbanan. Till en b\u00f6rjan som assisterande tr\u00e4nare i kinesiska Beijing BG Phoenix FC, FC Roseng\u00e5rd och Fortuna Hj\u00f8rring, f\u00f6r att sedan f\u00e5 huvudansvar som tr\u00e4nare i Eskilstuna United, Evertons U21-lag och de senaste tv\u00e5 \u00e5ren i Celtic.<\/p>\n<p>Nu \u00e4r hon tillbaka i OBOS Damallsvenskan, som huvudtr\u00e4nare f\u00f6r BK H\u00e4cken.<\/p>\n<p>\u2013 Jag k\u00e4nner mig \u00e4rad och stolt att f\u00e5 f\u00f6rtroendet att leda svenska m\u00e4starna. Jag har alltid f\u00f6ljt BK H\u00e4cken och blivit inspirerad av deras strategi, vision och ambitioner. Jag ser fram emot att vara en del av detta och forts\u00e4tta utveckla det BK H\u00e4cken har lyckats bygga upp tillsammans med spelare, ledare och hela klubben, s\u00e4ger Elena Sadiku.<\/p>\n<p>BK H\u00e4cken har f\u00f6ljt hennes tr\u00e4narkarri\u00e4r under m\u00e5nga \u00e5r och l\u00e4nge k\u00e4nt att s\u00e5 v\u00e4l hennes ledarskap, fotbollsfilosofi och v\u00e4rderingar matchat klubbens strategiska riktning.<\/p>\n<p>\u2013\u00a0Elena \u00e4r en ledare som \u00e4r skicklig p\u00e5 relationer, att ligga n\u00e4ra sin spelargrupp med ett driv och en energi som ger henne f\u00f6rm\u00e5gan att f\u00e5 med sig gruppen \u00e5t samma h\u00e5ll. Det har varit en framg\u00e5ngsfaktor f\u00f6r oss i \u00e5r, s\u00e5 det har varit en viktig del i rekryteringen att hitta en ledare som \u00e4r bra p\u00e5 det, s\u00e4ger Martin Ericsson och betonar Elena Sadikus fokus p\u00e5 utveckling:<\/p>\n<p>\u2013 Hon passar bra in i v\u00e5rt s\u00e4tt att spela fotboll, klubbens spelfilosofi, men \u00e4r en tr\u00e4nare som ocks\u00e5 kan s\u00e4tta sin touch p\u00e5 det genom att se vilka behov vi har f\u00f6r att utvecklas som lag och som individer. I v\u00e5r strategi pratar vi om utveckling av alla, b\u00e5de unga och \u00e4ldre, och det har varit en annan viktig faktor \u2013\u00a0att hitta en skicklig fotbollstr\u00e4nare, en instrukt\u00f6r som \u00e4r bra p\u00e5 planen, som gillar att ge feedback och instruera.<\/p>\n<p>Elena Sadiku leder sitt f\u00f6rsta tr\u00e4ningspass med BK H\u00e4cken n\u00e4r laget inleder s\u00e4songen 2026 i b\u00f6rjan av januari. Redan 11 februari v\u00e4ntar den f\u00f6rsta t\u00e4vlingsmatchen, n\u00e4r isl\u00e4ndska Breidablik kommer till Nordic Wellness Arena f\u00f6r den f\u00f6rsta kvartsfinalen i Europacupen.<\/p>\n","protected":false},"excerpt":{"rendered":"BK H\u00e4cken har gjort klart med ny huvudtr\u00e4nare. Elena Sadiku l\u00e4mnar skotska Celtic f\u00f6r att ta \u00f6ver svenska&hellip;\n","protected":false},"author":2,"featured_media":114047,"comment_status":"","ping_status":"","sticky":false,"template":"","format":"standard","meta":{"footnotes":""},"categories":[68],"tags":[159,4526,138,4527,3474,34,111,110,31,33,32,30],"class_list":{"0":"post-114046","1":"post","2":"type-post","3":"status-publish","4":"format-standard","5":"has-post-thumbnail","7":"category-sport","8":"tag-allsvenskan","9":"tag-bravida-arena","10":"tag-fotboll","11":"tag-gpa","12":"tag-hisingen","13":"tag-se","14":"tag-sport","15":"tag-sports","16":"tag-svenska","17":"tag-sverige","18":"tag-sweden","19":"tag-swedish"},"share_on_mastodon":{"url":"https:\/\/pubeurope.com\/@se\/115764021447983111","error":""},"_links":{"self":[{"href":"https:\/\/www.europesays.com\/se\/wp-json\/wp\/v2\/posts\/114046","targetHints":{"allow":["GET"]}}],"collection":[{"href":"https:\/\/www.europesays.com\/se\/wp-json\/wp\/v2\/posts"}],"about":[{"href":"https:\/\/www.europesays.com\/se\/wp-json\/wp\/v2\/types\/post"}],"author":[{"embeddable":true,"href":"https:\/\/www.europesays.com\/se\/wp-json\/wp\/v2\/users\/2"}],"replies":[{"embeddable":true,"href":"https:\/\/www.europesays.com\/se\/wp-json\/wp\/v2\/comments?post=114046"}],"version-history":[{"count":0,"href":"https:\/\/www.europesays.com\/se\/wp-json\/wp\/v2\/posts\/114046\/revisions"}],"wp:featuredmedia":[{"embeddable":true,"href":"https:\/\/www.europesays.com\/se\/wp-json\/wp\/v2\/media\/114047"}],"wp:attachment":[{"href":"https:\/\/www.europesays.com\/se\/wp-json\/wp\/v2\/media?parent=114046"}],"wp:term":[{"taxonomy":"category","embeddable":true,"href":"https:\/\/www.europesays.com\/se\/wp-json\/wp\/v2\/categories?post=114046"},{"taxonomy":"post_tag","embeddable":true,"href":"https:\/\/www.europesays.com\/se\/wp-json\/wp\/v2\/tags?post=114046"}],"curies":[{"name":"wp","href":"https:\/\/api.w.org\/{rel}","templated":true}]}}