{"id":114071,"date":"2025-12-22T16:13:13","date_gmt":"2025-12-22T16:13:13","guid":{"rendered":"https:\/\/www.europesays.com\/se\/114071\/"},"modified":"2025-12-22T16:13:13","modified_gmt":"2025-12-22T16:13:13","slug":"blackfiskens-ar-rekordmanga-utanfor-brittiska-oarna","status":"publish","type":"post","link":"https:\/\/www.europesays.com\/se\/114071\/","title":{"rendered":"Bl\u00e4ckfiskens \u00e5r \u2013 rekordm\u00e5nga utanf\u00f6r brittiska \u00f6arna"},"content":{"rendered":"<p>Antalet medelhavsbl\u00e4ckfiskar utanf\u00f6r Storbritanniens s\u00f6dra kust har varit rekordh\u00f6gt i \u00e5r, rapporterar The Guardian.<\/p>\n<p>\u2013 F\u00e5ngstens storlek var ungef\u00e4r 13 g\u00e5nger st\u00f6rre \u00e4n vad vi normalt skulle f\u00f6rv\u00e4nta oss i Cornwalls vatten, s\u00e4ger Matt Slater, marin naturv\u00e5rdare vid Cornwall Wildlife Trust.<\/p>\n<p>Totalt fiskades omkring 233\u202f000 medelhavsbl\u00e4ckfiskar upp ur brittiskt vatten i \u00e5r, vilket \u00e4r en kraftig \u00f6kning j\u00e4mf\u00f6rt med vad som brukar vara normalt.<\/p>\n<p>Bl\u00e4ckfisken finns naturligt i brittiska vatten, men f\u00f6rekommer normalt i s\u00e5 l\u00e5ga antal att den s\u00e4llan observeras. \u00d6kningen i \u00e5r f\u00f6rklaras av en mild vinter f\u00f6ljd av en varm v\u00e5r.<\/p>\n<p>Omni \u00e4r politiskt obundna och oberoende. Vi str\u00e4var efter att ge fler perspektiv p\u00e5 nyheterna. Har du fr\u00e5gor eller synpunkter kring v\u00e5r rapportering? <a href=\"https:\/\/omni.se\/blackfiskens-ar-rekordmanga-utanfor-brittiska-oarna\/a\/mailto:redaktion@omni.se\" class=\"ArticleActions_contactLink__W2F1M\" rel=\"nofollow noopener\" target=\"_blank\">Kontakta redaktionen<\/a><\/p>\n","protected":false},"excerpt":{"rendered":"Antalet medelhavsbl\u00e4ckfiskar utanf\u00f6r Storbritanniens s\u00f6dra kust har varit rekordh\u00f6gt i \u00e5r, rapporterar The Guardian. \u2013 F\u00e5ngstens storlek var&hellip;\n","protected":false},"author":2,"featured_media":114072,"comment_status":"","ping_status":"","sticky":false,"template":"","format":"standard","meta":{"footnotes":""},"categories":[14],"tags":[22,23,415,267,26,27,17,21,528,24,25,28,29,15,16,18,34,593,31,33,32,30,19,20,51,52,53,54],"class_list":{"0":"post-114071","1":"post","2":"type-post","3":"status-publish","4":"format-standard","5":"has-post-thumbnail","7":"category-varlden","8":"tag-breaking-news","9":"tag-breakingnews","10":"tag-djur-natur","11":"tag-europa","12":"tag-featured-news","13":"tag-featurednews","14":"tag-headlines","15":"tag-huvudnyheter","16":"tag-klimat-miljo","17":"tag-latest-news","18":"tag-latestnews","19":"tag-main-news","20":"tag-mainnews","21":"tag-news","22":"tag-nyheter","23":"tag-rubriker","24":"tag-se","25":"tag-storbritannien","26":"tag-svenska","27":"tag-sverige","28":"tag-sweden","29":"tag-swedish","30":"tag-top-stories","31":"tag-topstories","32":"tag-varlden","33":"tag-world","34":"tag-world-news","35":"tag-worldnews"},"share_on_mastodon":{"url":"https:\/\/pubeurope.com\/@se\/115764108110900405","error":""},"_links":{"self":[{"href":"https:\/\/www.europesays.com\/se\/wp-json\/wp\/v2\/posts\/114071","targetHints":{"allow":["GET"]}}],"collection":[{"href":"https:\/\/www.europesays.com\/se\/wp-json\/wp\/v2\/posts"}],"about":[{"href":"https:\/\/www.europesays.com\/se\/wp-json\/wp\/v2\/types\/post"}],"author":[{"embeddable":true,"href":"https:\/\/www.europesays.com\/se\/wp-json\/wp\/v2\/users\/2"}],"replies":[{"embeddable":true,"href":"https:\/\/www.europesays.com\/se\/wp-json\/wp\/v2\/comments?post=114071"}],"version-history":[{"count":0,"href":"https:\/\/www.europesays.com\/se\/wp-json\/wp\/v2\/posts\/114071\/revisions"}],"wp:featuredmedia":[{"embeddable":true,"href":"https:\/\/www.europesays.com\/se\/wp-json\/wp\/v2\/media\/114072"}],"wp:attachment":[{"href":"https:\/\/www.europesays.com\/se\/wp-json\/wp\/v2\/media?parent=114071"}],"wp:term":[{"taxonomy":"category","embeddable":true,"href":"https:\/\/www.europesays.com\/se\/wp-json\/wp\/v2\/categories?post=114071"},{"taxonomy":"post_tag","embeddable":true,"href":"https:\/\/www.europesays.com\/se\/wp-json\/wp\/v2\/tags?post=114071"}],"curies":[{"name":"wp","href":"https:\/\/api.w.org\/{rel}","templated":true}]}}