{"id":114081,"date":"2025-12-22T16:21:10","date_gmt":"2025-12-22T16:21:10","guid":{"rendered":"https:\/\/www.europesays.com\/se\/114081\/"},"modified":"2025-12-22T16:21:10","modified_gmt":"2025-12-22T16:21:10","slug":"frontalkrock-med-lastbil-en-svart-skadad","status":"publish","type":"post","link":"https:\/\/www.europesays.com\/se\/114081\/","title":{"rendered":"Frontalkrock med lastbil \u2013 en sv\u00e5rt skadad"},"content":{"rendered":"<p class=\"boxtextgrotesk-root_baa6 hyperion-css-7pajle\">Uppdaterad 16.49 | Publicerad 15.53<\/p>\n<p>share-arrowDela<\/p>\n<p>unsaveSpara<\/p>\n<p>expand-left<\/p>\n<p>helsk\u00e4rm<img decoding=\"async\" class=\"image-asset hyperion-css-u06ts1\" data-test-tag=\"image-asset\" src=\"https:\/\/www.europesays.com\/se\/wp-content\/uploads\/2025\/12\/9d168a0b-2d26-4fbd-b1ac-eb3ff07ba002\"  alt=\"En person \u00e4r allvarligt skadad i en trafikolycka norr om G\u00f6tene. Arkivbild.\"  loading=\"eager\" fetchpriority=\"high\" style=\"aspect-ratio:1900 \/ 1292\"\/>En person \u00e4r allvarligt skadad i en trafikolycka norr om G\u00f6tene. Arkivbild. Foto: Christine Olsson\/TT<\/p>\n<p class=\"hyperion-css-1shl3oz\" data-test-tag=\"lead-text\">En person \u00e4r allvarligt skadade efter att ha krockat med en lastbil p\u00e5 E20 norr om G\u00f6tene, uppger polisen.<\/p>\n<p class=\"hyperion-css-1v9qo5x\">Olyckan beskrivs som en frontalkrock d\u00e4r en person, som f\u00e4rdades ensam i en sk\u00e5pbil, blivit fastkl\u00e4md. Inledningsvis trodde polisen att det r\u00f6rde sig om tv\u00e5 skadade personer, men det visade sig inte st\u00e4mma.<\/p>\n<p class=\"hyperion-css-1v9qo5x\">\u2013 Vi har en stor r\u00e4ddningsinsats p\u00e5 platsen med r\u00e4ddningstj\u00e4nst, ambulans och polis, s\u00e4ger polisens presstalesperson Johan H\u00e5kansson.<\/p>\n<p class=\"hyperion-css-1v9qo5x\">V\u00e4gen \u00e4r avst\u00e4ngd medan r\u00e4ddningsarbetet p\u00e5g\u00e5r. B\u00e4gge fordonen ska tas i beslag.<\/p>\n<p class=\"hyperion-css-1v9qo5x\">Lastbilschauff\u00f6ren beskrivs som vid medvetande.<\/p>\n<p class=\"hyperion-css-1v9qo5x\">Larmet kom 14.52. Enligt <a data-test-tag=\"internal-link\" href=\"https:\/\/www.aftonbladet.se\/tagg\/trafikverket\" class=\"hyperion-css-15jkft9\" rel=\"nofollow noopener\" target=\"\" aria-label=\"Trafikverket\">Trafikverket<\/a> har det blivit stora k\u00f6er p\u00e5 E20.<\/p>\n","protected":false},"excerpt":{"rendered":"Uppdaterad 16.49 | Publicerad 15.53 share-arrowDela unsaveSpara expand-left helsk\u00e4rmEn person \u00e4r allvarligt skadad i en trafikolycka norr om&hellip;\n","protected":false},"author":2,"featured_media":114082,"comment_status":"","ping_status":"","sticky":false,"template":"","format":"standard","meta":{"footnotes":""},"categories":[14],"tags":[22,23,26,27,17,21,24,25,28,29,15,16,18,34,31,33,32,30,19,20,51,52,53,54],"class_list":{"0":"post-114081","1":"post","2":"type-post","3":"status-publish","4":"format-standard","5":"has-post-thumbnail","7":"category-varlden","8":"tag-breaking-news","9":"tag-breakingnews","10":"tag-featured-news","11":"tag-featurednews","12":"tag-headlines","13":"tag-huvudnyheter","14":"tag-latest-news","15":"tag-latestnews","16":"tag-main-news","17":"tag-mainnews","18":"tag-news","19":"tag-nyheter","20":"tag-rubriker","21":"tag-se","22":"tag-svenska","23":"tag-sverige","24":"tag-sweden","25":"tag-swedish","26":"tag-top-stories","27":"tag-topstories","28":"tag-varlden","29":"tag-world","30":"tag-world-news","31":"tag-worldnews"},"share_on_mastodon":{"url":"https:\/\/pubeurope.com\/@se\/115764139489558503","error":""},"_links":{"self":[{"href":"https:\/\/www.europesays.com\/se\/wp-json\/wp\/v2\/posts\/114081","targetHints":{"allow":["GET"]}}],"collection":[{"href":"https:\/\/www.europesays.com\/se\/wp-json\/wp\/v2\/posts"}],"about":[{"href":"https:\/\/www.europesays.com\/se\/wp-json\/wp\/v2\/types\/post"}],"author":[{"embeddable":true,"href":"https:\/\/www.europesays.com\/se\/wp-json\/wp\/v2\/users\/2"}],"replies":[{"embeddable":true,"href":"https:\/\/www.europesays.com\/se\/wp-json\/wp\/v2\/comments?post=114081"}],"version-history":[{"count":0,"href":"https:\/\/www.europesays.com\/se\/wp-json\/wp\/v2\/posts\/114081\/revisions"}],"wp:featuredmedia":[{"embeddable":true,"href":"https:\/\/www.europesays.com\/se\/wp-json\/wp\/v2\/media\/114082"}],"wp:attachment":[{"href":"https:\/\/www.europesays.com\/se\/wp-json\/wp\/v2\/media?parent=114081"}],"wp:term":[{"taxonomy":"category","embeddable":true,"href":"https:\/\/www.europesays.com\/se\/wp-json\/wp\/v2\/categories?post=114081"},{"taxonomy":"post_tag","embeddable":true,"href":"https:\/\/www.europesays.com\/se\/wp-json\/wp\/v2\/tags?post=114081"}],"curies":[{"name":"wp","href":"https:\/\/api.w.org\/{rel}","templated":true}]}}