{"id":114106,"date":"2025-12-22T16:55:09","date_gmt":"2025-12-22T16:55:09","guid":{"rendered":"https:\/\/www.europesays.com\/se\/114106\/"},"modified":"2025-12-22T16:55:09","modified_gmt":"2025-12-22T16:55:09","slug":"robin-williams-larde-ethan-hawke-en-viktig-laxa-om-skadespeleri-visste-inte-att-man-kunde-gora-sa","status":"publish","type":"post","link":"https:\/\/www.europesays.com\/se\/114106\/","title":{"rendered":"Robin Williams l\u00e4rde Ethan Hawke en viktig l\u00e4xa om sk\u00e5despeleri: &#8221;Visste inte att man kunde g\u00f6ra s\u00e5&#8221;"},"content":{"rendered":"<p>P\u00e5 sin YouTube-kanal har <a href=\"https:\/\/www.youtube.com\/@VanityFair\/videos\" rel=\"nofollow noopener\" target=\"_blank\">Vanity Fair<\/a> en serie videor d\u00e4r sk\u00e5despelare g\u00e5r igenom sina karri\u00e4r. Det \u00e4r ett utm\u00e4rkt s\u00e4tt att f\u00f6rdjupa sig yrket och hantverket, och vad som p\u00e5g\u00e5r bakom kulisserna. Speciellt n\u00e4r det g\u00e4ller en s\u00e5 v\u00e4ltalig och intressant person som Ethan Hawke.<\/p>\n<p>I <a href=\"https:\/\/www.youtube.com\/watch?v=mtKKTWHN_y0\" rel=\"nofollow noopener\" target=\"_blank\">sitt avsnitt pratar Hawke<\/a> pratar Hawke bland annat om \u201dD\u00f6da poeters s\u00e4llskap\u201d, som var den unge sk\u00e5despelarens andra l\u00e5ngfilm n\u00e5gonsin. N\u00e5gon som hade mer erfarenhet var f\u00f6rst\u00e5s Robin Williams. <\/p>\n<p>Han visade sig vara en utm\u00e4rkt l\u00e4rare, inte bara i filmen, utan \u00e4ven bakom kulisserna. Det gav Ethan Hawke ett helt nytt s\u00e4tt att se p\u00e5 sk\u00e5despeleriet:<\/p>\n<p>\u2013 Robin Williams f\u00f6ljde inte manuset, och jag visste inte att man kunde g\u00f6ra s\u00e5. Om han hade en id\u00e9, s\u00e5 gjorde han det bara. Han bad inte om till\u00e5telse. Och det var en ny d\u00f6rr som \u00f6ppnades f\u00f6r mitt sinne, att man kunde spela p\u00e5 det s\u00e4ttet.<\/p>\n<p>Vilket en del filmskapare s\u00e4kert kan ha problem med, men inte Peter Weir. Trots att regiss\u00f6ren och Williams hade v\u00e4ldigt olika s\u00e4tt att g\u00f6ra saker p\u00e5 gillade Weir det, s\u00e4ger Hawke, s\u00e5 l\u00e4nge m\u00e5let med manuset uppfylldes.<\/p>\n<p>L\u00e4s ocks\u00e5: <a href=\"https:\/\/www.moviezine.se\/nyheter\/stellan-skarsgard-minns-geniala-robin-williams-han-var-ostoppbar\" title=\"Stellan Skarsg\u00e5rd minns geniala Robin Williams: \u201dHan var ostoppbar\u201d\" class=\"underline-custom !font-montserrat !font-bold !underline-offset-4 !decoration-4 !decoration-moviezine-green !text-md\" rel=\"nofollow noopener\" target=\"_blank\">Stellan Skarsg\u00e5rd minns geniala Robin Williams: \u201dHan var ostoppbar\u201d<\/a><\/p>\n<p>Ethan Hawke \u00e4r just nu aktuell med skr\u00e4ckuppf\u00f6ljaren \u201dBlack Phone 2\u201d, b\u00e5de digitalt hos vod-tj\u00e4nster och p\u00e5 vissa biografer. Han spelar ocks\u00e5 huvudrollen i vapendragaren Richard Linklaters biopic \u201dBlue Moon\u201d, som blir tillg\u00e4nglig digitalt imorgon.<\/p>\n<p>L\u00e4s ocks\u00e5: <a href=\"https:\/\/www.moviezine.se\/nyheter\/quiz-kan-du-para-ihop-dessa-10-nepo-babies-med-deras-kanda-foraldrar\" title=\"Quiz: Kan du para ihop dessa 10 nepo babies med deras k\u00e4nda f\u00f6r\u00e4ldrar?\" class=\"underline-custom !font-montserrat !font-bold !underline-offset-4 !decoration-4 !decoration-moviezine-green !text-md\" rel=\"nofollow noopener\" target=\"_blank\">Quiz: Kan du para ihop dessa 10 nepo babies med deras k\u00e4nda f\u00f6r\u00e4ldrar?<\/a><\/p>\n<p>Kolla in hela samtalet om Ethan Hawkes karri\u00e4r h\u00e4r:<\/p>\n<p><img loading=\"lazy\" decoding=\"async\" alt=\"YouTube video\" width=\"480\" height=\"360\" data-pin-nopin=\"true\" nopin=\"nopin\" class=\"perfmatters-lazy\" src=\"https:\/\/www.europesays.com\/se\/wp-content\/uploads\/2025\/12\/1766422509_628_hqdefault.jpg\"\/><\/p>\n<p>L\u00e4s ocks\u00e5: <a href=\"https:\/\/www.moviezine.se\/nyheter\/65-arige-richard-linklater-dubbelt-aktuell-i-december\" title=\"65-\u00e5rige Richard Linklater dubbelt aktuell i december\" class=\"underline-custom !font-montserrat !font-bold !underline-offset-4 !decoration-4 !decoration-moviezine-green !text-md\" rel=\"nofollow noopener\" target=\"_blank\">65-\u00e5rige Richard Linklater dubbelt aktuell i december<\/a><\/p>\n<p>L\u00e4s ocks\u00e5: <a href=\"https:\/\/www.moviezine.se\/nyheter\/black-phone-2-bjuder-pa-en-fantastisk-ethan-hawke-nu-slapps-filmen-digitalt\" title=\"\u201dBlack Phone 2\u201d bjuder p\u00e5 en fantastisk Ethan Hawke \u2013 nu sl\u00e4pps filmen digitalt\" class=\"underline-custom !font-montserrat !font-bold !underline-offset-4 !decoration-4 !decoration-moviezine-green !text-md\" rel=\"nofollow noopener\" target=\"_blank\">\u201dBlack Phone 2\u201d bjuder p\u00e5 en fantastisk Ethan Hawke \u2013 nu sl\u00e4pps filmen digitalt<\/a><\/p>\n","protected":false},"excerpt":{"rendered":"P\u00e5 sin YouTube-kanal har Vanity Fair en serie videor d\u00e4r sk\u00e5despelare g\u00e5r igenom sina karri\u00e4r. Det \u00e4r ett&hellip;\n","protected":false},"author":2,"featured_media":114107,"comment_status":"","ping_status":"","sticky":false,"template":"","format":"standard","meta":{"footnotes":""},"categories":[67],"tags":[2118,104,2394,34,31,33,32,30,105],"class_list":{"0":"post-114106","1":"post","2":"type-post","3":"status-publish","4":"format-standard","5":"has-post-thumbnail","7":"category-underhallning","8":"tag-bakom-kulisserna","9":"tag-entertainment","10":"tag-kandisar","11":"tag-se","12":"tag-svenska","13":"tag-sverige","14":"tag-sweden","15":"tag-swedish","16":"tag-underhallning"},"share_on_mastodon":{"url":"https:\/\/pubeurope.com\/@se\/115764273194544926","error":""},"_links":{"self":[{"href":"https:\/\/www.europesays.com\/se\/wp-json\/wp\/v2\/posts\/114106","targetHints":{"allow":["GET"]}}],"collection":[{"href":"https:\/\/www.europesays.com\/se\/wp-json\/wp\/v2\/posts"}],"about":[{"href":"https:\/\/www.europesays.com\/se\/wp-json\/wp\/v2\/types\/post"}],"author":[{"embeddable":true,"href":"https:\/\/www.europesays.com\/se\/wp-json\/wp\/v2\/users\/2"}],"replies":[{"embeddable":true,"href":"https:\/\/www.europesays.com\/se\/wp-json\/wp\/v2\/comments?post=114106"}],"version-history":[{"count":0,"href":"https:\/\/www.europesays.com\/se\/wp-json\/wp\/v2\/posts\/114106\/revisions"}],"wp:featuredmedia":[{"embeddable":true,"href":"https:\/\/www.europesays.com\/se\/wp-json\/wp\/v2\/media\/114107"}],"wp:attachment":[{"href":"https:\/\/www.europesays.com\/se\/wp-json\/wp\/v2\/media?parent=114106"}],"wp:term":[{"taxonomy":"category","embeddable":true,"href":"https:\/\/www.europesays.com\/se\/wp-json\/wp\/v2\/categories?post=114106"},{"taxonomy":"post_tag","embeddable":true,"href":"https:\/\/www.europesays.com\/se\/wp-json\/wp\/v2\/tags?post=114106"}],"curies":[{"name":"wp","href":"https:\/\/api.w.org\/{rel}","templated":true}]}}