{"id":114110,"date":"2025-12-22T16:58:07","date_gmt":"2025-12-22T16:58:07","guid":{"rendered":"https:\/\/www.europesays.com\/se\/114110\/"},"modified":"2025-12-22T16:58:07","modified_gmt":"2025-12-22T16:58:07","slug":"anstallda-pa-sis-boenden-ska-fa-skoldar-och-hjalmar","status":"publish","type":"post","link":"https:\/\/www.europesays.com\/se\/114110\/","title":{"rendered":"Anst\u00e4llda p\u00e5 Sis-boenden ska f\u00e5 sk\u00f6ldar och hj\u00e4lmar"},"content":{"rendered":"<p>En del anst\u00e4llda p\u00e5 Statens institutionsstyrelse, Sis, ska utrustas med skyddshj\u00e4lmar och sk\u00f6ldar. Enligt Sveriges Radio ska myndigheten inf\u00f6ra s\u00e4rskilda grupper som ska hantera extrema situationer p\u00e5 boenden med h\u00f6gst s\u00e4kerhet. <\/p>\n<p>Det omfattar tv\u00e5 boenden, ett i Kalix och ett i S\u00f6dert\u00e4lje, och utrustningen ska anv\u00e4ndas vid till exempel gisslansituationer och upplopp. <\/p>\n<p>Sektionschefen vid s\u00e4kerhetsavdelningen, Helena M\u00fcller, s\u00e4ger att man \u00e4ven fortsatt kommer ringa in polisen vid behov. <\/p>\n<p>\u2013 Men vi m\u00e5ste vara rustade och f\u00f6rbereda oss f\u00f6r att kunna skydda v\u00e5ra medarbetare och v\u00e5ra ungdomar. <\/p>\n<p>Omni \u00e4r politiskt obundna och oberoende. Vi str\u00e4var efter att ge fler perspektiv p\u00e5 nyheterna. Har du fr\u00e5gor eller synpunkter kring v\u00e5r rapportering? <a href=\"https:\/\/omni.se\/anstallda-pa-sis-boenden-ska-fa-skoldar-och-hjalmar\/a\/mailto:redaktion@omni.se\" class=\"ArticleActions_contactLink__W2F1M\" rel=\"nofollow noopener\" target=\"_blank\">Kontakta redaktionen<\/a><\/p>\n","protected":false},"excerpt":{"rendered":"En del anst\u00e4llda p\u00e5 Statens institutionsstyrelse, Sis, ska utrustas med skyddshj\u00e4lmar och sk\u00f6ldar. Enligt Sveriges Radio ska myndigheten&hellip;\n","protected":false},"author":2,"featured_media":114111,"comment_status":"","ping_status":"","sticky":false,"template":"","format":"standard","meta":{"footnotes":""},"categories":[14],"tags":[22,23,26,27,17,21,5771,24,25,28,29,15,841,16,18,11835,34,221,2799,222,127,31,33,32,30,19,20,51,52,53,54],"class_list":{"0":"post-114110","1":"post","2":"type-post","3":"status-publish","4":"format-standard","5":"has-post-thumbnail","7":"category-varlden","8":"tag-breaking-news","9":"tag-breakingnews","10":"tag-featured-news","11":"tag-featurednews","12":"tag-headlines","13":"tag-huvudnyheter","14":"tag-kalix","15":"tag-latest-news","16":"tag-latestnews","17":"tag-main-news","18":"tag-mainnews","19":"tag-news","20":"tag-norrbottens-lan","21":"tag-nyheter","22":"tag-rubriker","23":"tag-sakerhet-bevakning","24":"tag-se","25":"tag-sis","26":"tag-sodertalje","27":"tag-statens-institutionsstyrelse","28":"tag-stockholms-lan","29":"tag-svenska","30":"tag-sverige","31":"tag-sweden","32":"tag-swedish","33":"tag-top-stories","34":"tag-topstories","35":"tag-varlden","36":"tag-world","37":"tag-world-news","38":"tag-worldnews"},"share_on_mastodon":{"url":"https:\/\/pubeurope.com\/@se\/115764284807991698","error":""},"_links":{"self":[{"href":"https:\/\/www.europesays.com\/se\/wp-json\/wp\/v2\/posts\/114110","targetHints":{"allow":["GET"]}}],"collection":[{"href":"https:\/\/www.europesays.com\/se\/wp-json\/wp\/v2\/posts"}],"about":[{"href":"https:\/\/www.europesays.com\/se\/wp-json\/wp\/v2\/types\/post"}],"author":[{"embeddable":true,"href":"https:\/\/www.europesays.com\/se\/wp-json\/wp\/v2\/users\/2"}],"replies":[{"embeddable":true,"href":"https:\/\/www.europesays.com\/se\/wp-json\/wp\/v2\/comments?post=114110"}],"version-history":[{"count":0,"href":"https:\/\/www.europesays.com\/se\/wp-json\/wp\/v2\/posts\/114110\/revisions"}],"wp:featuredmedia":[{"embeddable":true,"href":"https:\/\/www.europesays.com\/se\/wp-json\/wp\/v2\/media\/114111"}],"wp:attachment":[{"href":"https:\/\/www.europesays.com\/se\/wp-json\/wp\/v2\/media?parent=114110"}],"wp:term":[{"taxonomy":"category","embeddable":true,"href":"https:\/\/www.europesays.com\/se\/wp-json\/wp\/v2\/categories?post=114110"},{"taxonomy":"post_tag","embeddable":true,"href":"https:\/\/www.europesays.com\/se\/wp-json\/wp\/v2\/tags?post=114110"}],"curies":[{"name":"wp","href":"https:\/\/api.w.org\/{rel}","templated":true}]}}