{"id":114112,"date":"2025-12-22T17:00:58","date_gmt":"2025-12-22T17:00:58","guid":{"rendered":"https:\/\/www.europesays.com\/se\/114112\/"},"modified":"2025-12-22T17:00:58","modified_gmt":"2025-12-22T17:00:58","slug":"kop-inte-den-utrotningshotade-alen-till-julbordet-kristianstadsbladet","status":"publish","type":"post","link":"https:\/\/www.europesays.com\/se\/114112\/","title":{"rendered":"K\u00f6p inte den utrotningshotade \u00e5len till julbordet \u2013 Kristianstadsbladet"},"content":{"rendered":"<p>Replik fr\u00e5n Naturskyddsf\u00f6reningen till debattartikeln fr\u00e5n Kullgren om \u00e5len<\/p>\n<p>Att \u00e5len klassas som akut hotad \u00e4r inget som Kullgren n\u00e4mner. Naturskyddsf\u00f6reningen vill tv\u00e4rtemot Kullgren uppmana folk att inte \u00e4ta eller k\u00f6pa utrotningshotade arter.<\/p>\n<p>Kullgren pekar p\u00e5 att det fiskas stora \u00e5lar och att fisket sker under en kort period i Sverige. Detta g\u00f6r inte fisket mindre problematiskt \u2013 tv\u00e4rtom. De stora \u00e5larna som svenska \u00e5lfiskare tar upp \u00e4r lekmogna blank\u00e5lar som \u00e4r p\u00e5 v\u00e4g mot Sargassohavet f\u00f6r att leka. Det \u00e4r allts\u00e5 de potentiella f\u00f6r\u00e4ldrarna till framtidens \u00e5lar som hamnar p\u00e5 julbordet. Lekvandringen p\u00e5g\u00e5r under en begr\u00e4nsad tid varje \u00e5r och det \u00e4r just under denna period som det huvudsakliga \u00e5lfisket sker.<\/p>\n<p>Den vetenskapliga r\u00e5dgivningen har varit entydig under m\u00e5nga \u00e5r: \u00c5lfisket b\u00f6r stoppas i hela Europa och p\u00e5 alla \u00e5lens livsstadier. Det b\u00f6r inte vara till\u00e5tet att fiska vare sig glas\u00e5l, gul\u00e5l eller utvandrande blank\u00e5l. Trots detta beslutade EU:s fiskeministrar s\u00e5 sent som i Luciahelgen att fisket efter \u00e5l ska f\u00e5 forts\u00e4tta mer eller mindre som vanligt. Visserligen inf\u00f6rs ett \u00e5lfiskestopp under n\u00e5gra m\u00e5nader, men tillsammans med gener\u00f6sa m\u00f6jligheter till undantag inneb\u00e4r EU:s beslut att \u00e5lfisket kan forts\u00e4tta i relativt of\u00f6rminskad skala i stora delar av Europa.<\/p>\n<p>\u00c5len \u00e4r akut hotad och de f\u00e5 lekvandrande individerna som finns kvar m\u00e5ste f\u00e5 forts\u00e4tta leva tills det kraftigt decimerade \u00e5lbest\u00e5ndet f\u00e5tt m\u00f6jlighet att \u00e5terh\u00e4mta sig. K\u00f6p ingen \u00e5l till julbordet.<\/p>\n<p><strong>Beatrice Rindevall<\/strong><\/p>\n<p>Ordf\u00f6rande Naturskyddsf\u00f6reningen<\/p>\n<p class=\"article__blockquote-text txt-headline txt-headline-3\">K\u00f6p ingen \u00e5l till julbordet<\/p>\n","protected":false},"excerpt":{"rendered":"Replik fr\u00e5n Naturskyddsf\u00f6reningen till debattartikeln fr\u00e5n Kullgren om \u00e5len Att \u00e5len klassas som akut hotad \u00e4r inget som&hellip;\n","protected":false},"author":2,"featured_media":114113,"comment_status":"","ping_status":"","sticky":false,"template":"","format":"standard","meta":{"footnotes":""},"categories":[5],"tags":[22,23,26,27,17,21,24,25,28,29,15,16,18,34,31,33,32,30,19,20],"class_list":{"0":"post-114112","1":"post","2":"type-post","3":"status-publish","4":"format-standard","5":"has-post-thumbnail","7":"category-rubriker","8":"tag-breaking-news","9":"tag-breakingnews","10":"tag-featured-news","11":"tag-featurednews","12":"tag-headlines","13":"tag-huvudnyheter","14":"tag-latest-news","15":"tag-latestnews","16":"tag-main-news","17":"tag-mainnews","18":"tag-news","19":"tag-nyheter","20":"tag-rubriker","21":"tag-se","22":"tag-svenska","23":"tag-sverige","24":"tag-sweden","25":"tag-swedish","26":"tag-top-stories","27":"tag-topstories"},"share_on_mastodon":{"url":"https:\/\/pubeurope.com\/@se\/115764296622996711","error":""},"_links":{"self":[{"href":"https:\/\/www.europesays.com\/se\/wp-json\/wp\/v2\/posts\/114112","targetHints":{"allow":["GET"]}}],"collection":[{"href":"https:\/\/www.europesays.com\/se\/wp-json\/wp\/v2\/posts"}],"about":[{"href":"https:\/\/www.europesays.com\/se\/wp-json\/wp\/v2\/types\/post"}],"author":[{"embeddable":true,"href":"https:\/\/www.europesays.com\/se\/wp-json\/wp\/v2\/users\/2"}],"replies":[{"embeddable":true,"href":"https:\/\/www.europesays.com\/se\/wp-json\/wp\/v2\/comments?post=114112"}],"version-history":[{"count":0,"href":"https:\/\/www.europesays.com\/se\/wp-json\/wp\/v2\/posts\/114112\/revisions"}],"wp:featuredmedia":[{"embeddable":true,"href":"https:\/\/www.europesays.com\/se\/wp-json\/wp\/v2\/media\/114113"}],"wp:attachment":[{"href":"https:\/\/www.europesays.com\/se\/wp-json\/wp\/v2\/media?parent=114112"}],"wp:term":[{"taxonomy":"category","embeddable":true,"href":"https:\/\/www.europesays.com\/se\/wp-json\/wp\/v2\/categories?post=114112"},{"taxonomy":"post_tag","embeddable":true,"href":"https:\/\/www.europesays.com\/se\/wp-json\/wp\/v2\/tags?post=114112"}],"curies":[{"name":"wp","href":"https:\/\/api.w.org\/{rel}","templated":true}]}}