{"id":114119,"date":"2025-12-22T17:07:10","date_gmt":"2025-12-22T17:07:10","guid":{"rendered":"https:\/\/www.europesays.com\/se\/114119\/"},"modified":"2025-12-22T17:07:10","modified_gmt":"2025-12-22T17:07:10","slug":"rysk-maffiatopp-dod-pa-resa-med-putins-van","status":"publish","type":"post","link":"https:\/\/www.europesays.com\/se\/114119\/","title":{"rendered":"Rysk maffiatopp d\u00f6d \u2013\np\u00e5 resa med Putins v\u00e4n"},"content":{"rendered":"<p>Publicerad 22 dec 2025 kl 14.45Uppdaterad kl 16.28<\/p>\n<p>En rysk tidigare maffiatopp har d\u00f6tt i en b\u00e5tolycka i Moskva, rapporterar <a href=\"https:\/\/meduza.io\/news\/2025\/12\/21\/v-moskve-byvshiy-lider-solntsevskoy-opg-pogib-kogda-katalsya-na-lodke-s-muzhem-dvoyurodnoy-sestry-putina\" rel=\"nofollow noopener\" target=\"_blank\">Meduza<\/a>.<\/p>\n<p>Ex-g\u00e4ngledaren var p\u00e5 utflykt med en sl\u00e4kting till Putin n\u00e4r b\u00e5ten pl\u00f6tsligt kapsejsade.<\/p>\n<p>Alla andra p\u00e5 b\u00e5ten \u00f6verlevde.\u00a0<\/p>\n<p><img   alt=\"\"\/><\/p>\n<p>En av Putins studiekompisar var ocks\u00e5 med p\u00e5 den olycksdrabbade f\u00e4rden.<\/p>\n<p>Foto: ALEXANDER KAZAKOV \/ SPUTNIK \/ KREMLIN POO \/ EPA SPUTNIK POOL<\/p>\n<p>\u00d6ppna bild i helsk\u00e4rm<img loading=\"lazy\"   alt=\"\"\/><\/p>\n<p>Averin drunknade n\u00e4r b\u00e5ten sj\u00f6nk.<\/p>\n<p>Foto: X<\/p>\n<p>\u00d6ppna bild i helsk\u00e4rm<\/p>\n<p>Sex personer befann sig p\u00e5 b\u00e5ten p\u00e5 en yachtklubb i Mytishchi en bit utanf\u00f6r Moskva. En av dem var Viktor Averin, skriver ryska Meduza. Han har varit en ledande figur i Solntsevskaya-n\u00e4tverket, ett ryskt maffiag\u00e4ng som satte skr\u00e4ck i det ryska samh\u00e4llet p\u00e5 90-talet.<\/p>\n<p>En annan som var med p\u00e5 utflykten var en av Vladimir Putins n\u00e4ra v\u00e4nner, 76-\u00e5rige Viktor Khmarin. Putin och Khmarin var klasskompisar p\u00e5 universitetet och aff\u00e4rsmannen \u00e4r \u00e4ven gift med Putins kusin Lyubov Kruglova.\u00a0<\/p>\n<p>Khmarin \u00e4r \u00e4ven pappa till vd:n f\u00f6r RusHydro, <a href=\"https:\/\/www.expressen.se\/tagg\/location\/ryssland\/\" class=\"\" rel=\"nofollow noopener\" target=\"_blank\">Rysslands<\/a> st\u00f6rsta elproducent.\u00a0<\/p>\n<p>Mystisk orsak\u00a0<\/p>\n<p>B\u00e5ten kapsejsade pl\u00f6tsligt och Viktor Averin drunknade. De andra fem personerna ombord lyckades fly och klarade sig.<\/p>\n<p>Det \u00e4r oklart varf\u00f6r b\u00e5ten sj\u00f6nk.<\/p>\n<p>Averins kropp hittades av dykare flera timmar efter att b\u00e5ten sjunkit. 68-\u00e5ringen har aldrig offentligt bekr\u00e4ftat sina kopplingar till Solntsevskaya och har aldrig \u00e5talats f\u00f6r brott.\u00a0<\/p>\n<p><img alt=\"\"\/>Ljudklippet gick inte att spela upp<\/p>\n<p>F\u00f6rs\u00f6k igen senare<\/p>\n","protected":false},"excerpt":{"rendered":"Publicerad 22 dec 2025 kl 14.45Uppdaterad kl 16.28 En rysk tidigare maffiatopp har d\u00f6tt i en b\u00e5tolycka i&hellip;\n","protected":false},"author":2,"featured_media":114120,"comment_status":"","ping_status":"","sticky":false,"template":"","format":"standard","meta":{"footnotes":""},"categories":[14],"tags":[22,23,26,27,17,21,24,25,4565,274,28,29,15,16,18,34,55,31,33,32,30,19,20,51,52,53,54],"class_list":{"0":"post-114119","1":"post","2":"type-post","3":"status-publish","4":"format-standard","5":"has-post-thumbnail","7":"category-varlden","8":"tag-breaking-news","9":"tag-breakingnews","10":"tag-featured-news","11":"tag-featurednews","12":"tag-headlines","13":"tag-huvudnyheter","14":"tag-latest-news","15":"tag-latestnews","16":"tag-location-moskva","17":"tag-location-ryssland","18":"tag-main-news","19":"tag-mainnews","20":"tag-news","21":"tag-nyheter","22":"tag-rubriker","23":"tag-se","24":"tag-sections-varlden","25":"tag-svenska","26":"tag-sverige","27":"tag-sweden","28":"tag-swedish","29":"tag-top-stories","30":"tag-topstories","31":"tag-varlden","32":"tag-world","33":"tag-world-news","34":"tag-worldnews"},"share_on_mastodon":{"url":"https:\/\/pubeurope.com\/@se\/115764320275352975","error":""},"_links":{"self":[{"href":"https:\/\/www.europesays.com\/se\/wp-json\/wp\/v2\/posts\/114119","targetHints":{"allow":["GET"]}}],"collection":[{"href":"https:\/\/www.europesays.com\/se\/wp-json\/wp\/v2\/posts"}],"about":[{"href":"https:\/\/www.europesays.com\/se\/wp-json\/wp\/v2\/types\/post"}],"author":[{"embeddable":true,"href":"https:\/\/www.europesays.com\/se\/wp-json\/wp\/v2\/users\/2"}],"replies":[{"embeddable":true,"href":"https:\/\/www.europesays.com\/se\/wp-json\/wp\/v2\/comments?post=114119"}],"version-history":[{"count":0,"href":"https:\/\/www.europesays.com\/se\/wp-json\/wp\/v2\/posts\/114119\/revisions"}],"wp:featuredmedia":[{"embeddable":true,"href":"https:\/\/www.europesays.com\/se\/wp-json\/wp\/v2\/media\/114120"}],"wp:attachment":[{"href":"https:\/\/www.europesays.com\/se\/wp-json\/wp\/v2\/media?parent=114119"}],"wp:term":[{"taxonomy":"category","embeddable":true,"href":"https:\/\/www.europesays.com\/se\/wp-json\/wp\/v2\/categories?post=114119"},{"taxonomy":"post_tag","embeddable":true,"href":"https:\/\/www.europesays.com\/se\/wp-json\/wp\/v2\/tags?post=114119"}],"curies":[{"name":"wp","href":"https:\/\/api.w.org\/{rel}","templated":true}]}}