{"id":114129,"date":"2025-12-22T17:15:22","date_gmt":"2025-12-22T17:15:22","guid":{"rendered":"https:\/\/www.europesays.com\/se\/114129\/"},"modified":"2025-12-22T17:15:22","modified_gmt":"2025-12-22T17:15:22","slug":"130-kidnappade-skolbarn-fria-utrikes","status":"publish","type":"post","link":"https:\/\/www.europesays.com\/se\/114129\/","title":{"rendered":"130 kidnappade skolbarn fria | Utrikes"},"content":{"rendered":"<p class=\"aw-1gybjub aw-5vja16 kEtdKx kmuxyA yle__article__paragraph\">De har varit kidnappade sedan i november.<\/p>\n<p><img decoding=\"async\" alt=\"N\u00e4rbild av en skylt med texten St. Mary's Private Catholic Nursery &amp; Primary School. Papiri. Niger State.\" src=\"https:\/\/www.europesays.com\/se\/wp-content\/uploads\/2025\/12\/39-15659356935df241200b.jpeg\" class=\"aw-1l9m598 hKVVvP\"\/><\/p>\n<p>\u00d6ppna bildvisare<\/p>\n<p>Kidnappningsattacken utf\u00f6rdes mot en katolsk internatskola i november. Bild: Afolabi Sotunde \/ EPALyssna (du h\u00f6r en artificiell r\u00f6st) 1:07<\/p>\n<p class=\"aw-1gybjub aw-1p7kakr kEtdKx cEmitX yle__article__paragraph\">Myndigheterna i Nigeria har s\u00e4krat frigivningen av 130 barn som bev\u00e4pnade m\u00e4n kidnappade fr\u00e5n en katolsk skola i november. Det meddelade en presidenttalesperson p\u00e5 s\u00f6ndagen.<\/p>\n<p class=\"aw-1gybjub aw-1p7kakr kEtdKx cEmitX yle__article__paragraph\">\u201dYtterligare 130 kidnappade elever har sl\u00e4ppts\u201d, meddelade talespersonen <strong class=\"aw-ak79eh KyCXm yle__article__strong\">Sunday Dare<\/strong> i ett inl\u00e4gg p\u00e5 X.<\/p>\n<p class=\"aw-1gybjub aw-1p7kakr kEtdKx cEmitX yle__article__paragraph\">Tidigare i december sl\u00e4pptes hundra barn ur gisslan, och ett femtiotal personer lyckades fly fr\u00e5n sina kidnappare redan strax efter kidnappningen.<\/p>\n<p>M\u00e5nga fr\u00e5getecken<\/p>\n<p class=\"aw-1gybjub aw-1p7kakr kEtdKx cEmitX yle__article__paragraph\">Det var i slutet av november som n\u00e5gra hundra elever och anst\u00e4llda vid en katolsk internatskola i delstaten Niger i Nigeria <a class=\"aw-iao6s4 iHOxEa yle__article__link\" href=\"https:\/\/yle.fi\/a\/7-10088555\" role=\"link\" rel=\"nofollow noopener\" target=\"_blank\">kidnappades<\/a>. Barnen \u00e4r mellan 8 och 18 \u00e5r gamla.<\/p>\n<p class=\"aw-1gybjub aw-1p7kakr kEtdKx cEmitX yle__article__paragraph\">Fallet \u00e4r en av de st\u00f6rsta kidnappningarna i landet.<\/p>\n<p class=\"aw-1gybjub aw-1p7kakr kEtdKx cEmitX yle__article__paragraph\">Nigeria lider av m\u00e5nga s\u00e4kerhetshot, bland annat jihadister i landets nord\u00f6stra del och v\u00e4pnade g\u00e4ng i nordv\u00e4st.<\/p>\n<p class=\"aw-1gybjub aw-1p7kakr kEtdKx cEmitX yle__article__paragraph\">Det \u00e4r oklart vem som st\u00e5r bakom masskidnappningen av elever och hur myndigheterna har f\u00e5tt dem att sl\u00e4ppa eleverna.<\/p>\n<p class=\"aw-1gybjub aw-1p7kakr kEtdKx cEmitX yle__article__paragraph\">K\u00e4lla: AFP, Reuters<\/p>\n","protected":false},"excerpt":{"rendered":"De har varit kidnappade sedan i november. \u00d6ppna bildvisare Kidnappningsattacken utf\u00f6rdes mot en katolsk internatskola i november. Bild:&hellip;\n","protected":false},"author":2,"featured_media":114130,"comment_status":"","ping_status":"","sticky":false,"template":"","format":"standard","meta":{"footnotes":""},"categories":[14],"tags":[3173,22,23,128,26,27,17,21,12438,10185,12439,24,25,28,29,15,6474,16,18,34,31,33,32,30,19,20,237,51,52,53,54],"class_list":{"0":"post-114129","1":"post","2":"type-post","3":"status-publish","4":"format-standard","5":"has-post-thumbnail","7":"category-varlden","8":"tag-barn","9":"tag-breaking-news","10":"tag-breakingnews","11":"tag-brott","12":"tag-featured-news","13":"tag-featurednews","14":"tag-headlines","15":"tag-huvudnyheter","16":"tag-kidnappade-barn","17":"tag-kidnappningar","18":"tag-kidnappningsoffer","19":"tag-latest-news","20":"tag-latestnews","21":"tag-main-news","22":"tag-mainnews","23":"tag-news","24":"tag-nigeria","25":"tag-nyheter","26":"tag-rubriker","27":"tag-se","28":"tag-svenska","29":"tag-sverige","30":"tag-sweden","31":"tag-swedish","32":"tag-top-stories","33":"tag-topstories","34":"tag-utrikes","35":"tag-varlden","36":"tag-world","37":"tag-world-news","38":"tag-worldnews"},"share_on_mastodon":{"url":"https:\/\/pubeurope.com\/@se\/115764351819999440","error":""},"_links":{"self":[{"href":"https:\/\/www.europesays.com\/se\/wp-json\/wp\/v2\/posts\/114129","targetHints":{"allow":["GET"]}}],"collection":[{"href":"https:\/\/www.europesays.com\/se\/wp-json\/wp\/v2\/posts"}],"about":[{"href":"https:\/\/www.europesays.com\/se\/wp-json\/wp\/v2\/types\/post"}],"author":[{"embeddable":true,"href":"https:\/\/www.europesays.com\/se\/wp-json\/wp\/v2\/users\/2"}],"replies":[{"embeddable":true,"href":"https:\/\/www.europesays.com\/se\/wp-json\/wp\/v2\/comments?post=114129"}],"version-history":[{"count":0,"href":"https:\/\/www.europesays.com\/se\/wp-json\/wp\/v2\/posts\/114129\/revisions"}],"wp:featuredmedia":[{"embeddable":true,"href":"https:\/\/www.europesays.com\/se\/wp-json\/wp\/v2\/media\/114130"}],"wp:attachment":[{"href":"https:\/\/www.europesays.com\/se\/wp-json\/wp\/v2\/media?parent=114129"}],"wp:term":[{"taxonomy":"category","embeddable":true,"href":"https:\/\/www.europesays.com\/se\/wp-json\/wp\/v2\/categories?post=114129"},{"taxonomy":"post_tag","embeddable":true,"href":"https:\/\/www.europesays.com\/se\/wp-json\/wp\/v2\/tags?post=114129"}],"curies":[{"name":"wp","href":"https:\/\/api.w.org\/{rel}","templated":true}]}}