{"id":114131,"date":"2025-12-22T17:17:24","date_gmt":"2025-12-22T17:17:24","guid":{"rendered":"https:\/\/www.europesays.com\/se\/114131\/"},"modified":"2025-12-22T17:17:24","modified_gmt":"2025-12-22T17:17:24","slug":"thailand-vapenvilan-framstressad-for-trump","status":"publish","type":"post","link":"https:\/\/www.europesays.com\/se\/114131\/","title":{"rendered":"Thailand: Vapenvilan framstressad f\u00f6r Trump"},"content":{"rendered":"<p>share-arrowDela<\/p>\n<p>unsaveSpara<\/p>\n<p>chevron-leftf\u00f6reg\u00e5ende<\/p>\n<ul class=\"carousel-container-viewport\" style=\"transform:translate3d(0%, 0, 0)\">\n<li class=\"carousel-slide\" style=\"z-index:1;filter:none(1);padding-bottom:66.68421%\"><img decoding=\"async\" class=\"image-asset hyperion-css-u06ts1\" data-test-tag=\"image-asset\" src=\"https:\/\/www.europesays.com\/se\/wp-content\/uploads\/2025\/12\/e0d5fded-aa4a-467c-b113-c05a34fe5ca3\"  alt=\"\"  fetchpriority=\"auto\" style=\"aspect-ratio:1900 \/ 1267\"\/><\/li>\n<li class=\"carousel-slide\" style=\"filter:none(0.3);padding-bottom:66.68421%\"><img decoding=\"async\" class=\"image-asset hyperion-css-u06ts1\" data-test-tag=\"image-asset\" src=\"https:\/\/www.europesays.com\/se\/wp-content\/uploads\/2025\/12\/3776f7d2-cc36-4388-b42e-15929be3b9db\"  alt=\"\"  fetchpriority=\"auto\" style=\"aspect-ratio:1900 \/ 1267\"\/><\/li>\n<\/ul>\n<p>expand-left<\/p>\n<p>helsk\u00e4rmchevron-rightn\u00e4staThailands utrikesminister Sihasak Phuangketkeow h\u00f6ll presstr\u00e4ff i samband med samarbetsorganisationens utrikesministerm\u00f6te i Kuala Lumpur p\u00e5 m\u00e5ndagen.<\/p>\n<p>1 \/ 2Foto: Azneal Ishak\/AP\/TT<\/p>\n<p class=\"hyperion-css-1shl3oz\" data-test-tag=\"lead-text\">Avtalet om den numera brutna vapenvilan mellan Thailand och Kambodja stressades fram f\u00f6r att vara redo f\u00f6r signering n\u00e4r USA:s president Donald Trump bes\u00f6kte regionen i oktober.<\/p>\n<p class=\"hyperion-css-1shl3oz\" data-test-tag=\"lead-text\">Det s\u00e4ger Thailands utrikesminister Sihasak Phuangketkeow.<\/p>\n<p class=\"hyperion-css-1v9qo5x\">\u2013 USA ville att f\u00f6rklaringen skulle kunna undertecknas vid president Trumps bes\u00f6k, sade han i samband med m\u00e5ndagens m\u00f6te med samarbetsorganisationen Sydostasiatiska nationers f\u00f6rbund (Asean).<\/p>\n<p class=\"hyperion-css-1v9qo5x\">Uttalandet kommer samtidigt som Thailand och Kambodja \u00e4r \u00f6verens om att h\u00e5lla nya samtal p\u00e5 onsdag.<\/p>\n<p class=\"hyperion-css-1v9qo5x\">\u2013 Ibland beh\u00f6ver vi s\u00e4tta oss ner och diskutera ordentligt s\u00e5 att det vi \u00e4r \u00f6verens om verkligen h\u00e5ller, s\u00e4ger Sihasak Phuangketkeow.<\/p>\n<p class=\"hyperion-css-1v9qo5x\">De nuvarande oroligheterna har p\u00e5g\u00e5tt sedan i maj och vapenvila har, utan att h\u00e5lla, sedan dess ing\u00e5tts tv\u00e5 g\u00e5nger. Senast var i oktober, d\u00e5 Donald Trump ledde signeringsceremonin p\u00e5 plats vid Aseans toppm\u00f6te i Malaysias huvudstad Kuala Lumpur.<\/p>\n<p class=\"hyperion-css-1v9qo5x\">Men trots den amerikanske presidentens anstr\u00e4ngningar var striderna i g\u00e5ng igen i november.<\/p>\n<p class=\"hyperion-css-1v9qo5x\">Sihasak Phuangketkeow betonar att f\u00f6rv\u00e4ntningarna inf\u00f6r de nya samtalen inte \u00e4r de allra h\u00f6gsta:<\/p>\n<p class=\"hyperion-css-1v9qo5x\">\u2013 V\u00e5r st\u00e5ndpunkt \u00e4r att en vapenvila inte kommer med ett tillk\u00e4nnagivande, utan m\u00e5ste komma fr\u00e5n handling.<\/p>\n<p class=\"hyperion-css-1v9qo5x\">Tiotals personer har d\u00f6dats och hundratals drivits p\u00e5 flykt p\u00e5 b\u00e5da sidor om gr\u00e4nsen de senaste veckorna.<\/p>\n","protected":false},"excerpt":{"rendered":"share-arrowDela unsaveSpara chevron-leftf\u00f6reg\u00e5ende expand-left helsk\u00e4rmchevron-rightn\u00e4staThailands utrikesminister Sihasak Phuangketkeow h\u00f6ll presstr\u00e4ff i samband med samarbetsorganisationens utrikesministerm\u00f6te i Kuala Lumpur&hellip;\n","protected":false},"author":2,"featured_media":114132,"comment_status":"","ping_status":"","sticky":false,"template":"","format":"standard","meta":{"footnotes":""},"categories":[5],"tags":[22,23,26,27,17,21,24,25,28,29,15,16,18,34,31,33,32,30,19,20],"class_list":{"0":"post-114131","1":"post","2":"type-post","3":"status-publish","4":"format-standard","5":"has-post-thumbnail","7":"category-rubriker","8":"tag-breaking-news","9":"tag-breakingnews","10":"tag-featured-news","11":"tag-featurednews","12":"tag-headlines","13":"tag-huvudnyheter","14":"tag-latest-news","15":"tag-latestnews","16":"tag-main-news","17":"tag-mainnews","18":"tag-news","19":"tag-nyheter","20":"tag-rubriker","21":"tag-se","22":"tag-svenska","23":"tag-sverige","24":"tag-sweden","25":"tag-swedish","26":"tag-top-stories","27":"tag-topstories"},"share_on_mastodon":{"url":"https:\/\/pubeurope.com\/@se\/115764359780960473","error":""},"_links":{"self":[{"href":"https:\/\/www.europesays.com\/se\/wp-json\/wp\/v2\/posts\/114131","targetHints":{"allow":["GET"]}}],"collection":[{"href":"https:\/\/www.europesays.com\/se\/wp-json\/wp\/v2\/posts"}],"about":[{"href":"https:\/\/www.europesays.com\/se\/wp-json\/wp\/v2\/types\/post"}],"author":[{"embeddable":true,"href":"https:\/\/www.europesays.com\/se\/wp-json\/wp\/v2\/users\/2"}],"replies":[{"embeddable":true,"href":"https:\/\/www.europesays.com\/se\/wp-json\/wp\/v2\/comments?post=114131"}],"version-history":[{"count":0,"href":"https:\/\/www.europesays.com\/se\/wp-json\/wp\/v2\/posts\/114131\/revisions"}],"wp:featuredmedia":[{"embeddable":true,"href":"https:\/\/www.europesays.com\/se\/wp-json\/wp\/v2\/media\/114132"}],"wp:attachment":[{"href":"https:\/\/www.europesays.com\/se\/wp-json\/wp\/v2\/media?parent=114131"}],"wp:term":[{"taxonomy":"category","embeddable":true,"href":"https:\/\/www.europesays.com\/se\/wp-json\/wp\/v2\/categories?post=114131"},{"taxonomy":"post_tag","embeddable":true,"href":"https:\/\/www.europesays.com\/se\/wp-json\/wp\/v2\/tags?post=114131"}],"curies":[{"name":"wp","href":"https:\/\/api.w.org\/{rel}","templated":true}]}}