{"id":114135,"date":"2025-12-22T17:20:08","date_gmt":"2025-12-22T17:20:08","guid":{"rendered":"https:\/\/www.europesays.com\/se\/114135\/"},"modified":"2025-12-22T17:20:08","modified_gmt":"2025-12-22T17:20:08","slug":"det-har-ska-du-se-pa-tv-julen-2025-tips-pa-serier","status":"publish","type":"post","link":"https:\/\/www.europesays.com\/se\/114135\/","title":{"rendered":"Det h\u00e4r ska du se p\u00e5 tv julen 2025 \u2013 tips p\u00e5 serier"},"content":{"rendered":"<p>Publicerad 22 dec 2025 kl 18.03<\/p>\n<p>Siw Malmqvist som julv\u00e4rd.\u00a0<\/p>\n<p>\u201dKalle\u201d f\u00f6rst\u00e5s \u2013\u00a0men \u00e4ven annat.\u00a0<\/p>\n<p>H\u00e4r \u00e4r serierna och tv-programmen du inte vill missa under juldagarna.\u00a0<\/p>\n<p><img   alt=\"\"\/>\u00d6ppna bild i helsk\u00e4rm23 december<\/p>\n<p><strong>\u201dCyklopernas uppesittarkv\u00e4ll\u201d (start 20.00, SVT Play)\u00a0<\/strong><\/p>\n<p><img loading=\"lazy\"   alt=\"\"\/><\/p>\n<p>Christopher Garplind leder \u201dCyklopernas uppesittarkv\u00e4ll\u201d i SVT.<\/p>\n<p>Foto: SVT<\/p>\n<p>\u00d6ppna bild i helsk\u00e4rm<\/p>\n<p>F\u00f6r den som inte t\u00e5l st\u00f6rre doser av \u201dBingolotto\u201d, uppesittarkv\u00e4llen i TV4. Det \u00e4r dessutom lovande logiskt att SVT fortsatt l\u00e5ter Christopher Garplind leda ett alternativ till det tv-traditionella. Tjusningen \u00e4r, f\u00f6rst\u00e5s, att \u00e4ven \u201dCykloperna\u201d nu \u00e4r direkts\u00e4nt.\u00a0<\/p>\n<p>24 december<\/p>\n<p><strong>\u201dGoodbye June\u201d (Netflix)\u00a0<\/strong><\/p>\n<p><img loading=\"lazy\"   alt=\"\"\/><\/p>\n<p>Helen Mirren och Kate Winslet i \u201dGoodbye June\u201d.<\/p>\n<p>Foto: Kimberley French \/ Netflix<\/p>\n<p>\u00d6ppna bild i helsk\u00e4rm<\/p>\n<p>Jag f\u00f6ruts\u00e4tter att typ alla ser \u201dKalle\u201d och f\u00f6ljer underbara Siw Malmkvist n\u00e4r hon ska vara julv\u00e4rd i SVT. Efter det finns \u201dGoodbye june\u201d, filmen som Kate Winslet regisserat och spelar en av huvudrollerna i. Ett juldrama om syskon som samlas f\u00f6r att s\u00e4ga farv\u00e4l till sin d\u00f6ende mor. \u00a0<\/p>\n<p>25 december<\/p>\n<p><strong>\u201dB\u00e4st i test: Julspecial\u201d (TV4 Play)\u00a0<\/strong><\/p>\n<p>Vad vore v\u00e4l en jul i TV4 utan en julspecial fr\u00e5n \u201dB\u00e4st i test\u201d-g\u00e4nget? Precis. Stora f\u00f6rv\u00e4ntningar eftersom jag inbillar mig att Peter Settman, Tina Nordstr\u00f6m, Erik Haag, Marcus Aujalay och Molly Nutley kommer vara mer eller mindre utm\u00e4rkta i ett s\u00e5dant h\u00e4r sammanhang.<\/p>\n<p><strong>\u201dSanningen\u201d \u2013 s\u00e4song 2 (TV4 Play)\u00a0<\/strong><\/p>\n<p><img loading=\"lazy\"   alt=\"\"\/><\/p>\n<p>Sofia Helin och Kajsa Ernst i \u201dSanningen\u201d s\u00e4song 2.<\/p>\n<p>Foto: Carolina Romare \/ TV4<\/p>\n<p>\u00d6ppna bild i helsk\u00e4rm<\/p>\n<p>F\u00f6rsta s\u00e4songen blev en tittarsucc\u00e9 p\u00e5 TV4. I de nya avsnitten forts\u00e4tter Sofia Helin i huvudrollen. Den h\u00e4r g\u00e5ngen hittas en kropp begravd utanf\u00f6r Ystad, n\u00e4ra en herrg\u00e5rd. Samtidigt p\u00e5g\u00e5r en dokument\u00e4rinspelning om ett gammalt ol\u00f6st mord. Gissa om de b\u00e5da sakerna h\u00e4nger ihop?\u00a0<\/p>\n<p><strong>\u201dBatra och Glans \u2013 30 \u00e5r tillsammans\u201d (SVT Play)\u00a0<\/strong><\/p>\n<p>Dokument\u00e4rserie p\u00e5 tv\u00e5 avsnitt som f\u00f6ljer Johan Glans och David Batra bakom och p\u00e5 scenen. Sk\u00e4let \u00e4r att duon ska g\u00f6ra en jubileumsf\u00f6rest\u00e4llning. Arbetet med den samt tillbakablickar fr\u00e5n deras tidigare gemensamma projekt blandas med att verkligheten tr\u00e4nger sig p\u00e5.\u00a0<\/p>\n<p>26 december<\/p>\n<p><strong>\u201dJag for ner till bror\u201d (SVT Play)<\/strong><\/p>\n<p><img loading=\"lazy\"   alt=\"\"\/><\/p>\n<p>\u201dJag for ner till bror\u201d har premi\u00e4r 26 december p\u00e5 SVT Play.<\/p>\n<p>Foto: Jonas Alarik \/ SVT<\/p>\n<p>\u00d6ppna bild i helsk\u00e4rm<\/p>\n<p>SVT:s juldrama baseras p\u00e5 Karin Smirnoffs roman med samma titel. Amanda Jansson, framf\u00f6r allt k\u00e4nd fr\u00e5n \u201dTunna bl\u00e5 linjen\u201d, g\u00f6r huvudrollen som Jana Kippo. P\u00e5 rollistan finns \u00e4ven Jakob \u00d6hrman och Rasmus Johansson. Beskrivs som \u201dst\u00e4mningsfullt och drivet\u201d.\u00a0<\/p>\n<p>Annons<\/p>\n<p><strong>\u201dThe Lowdown\u201d (Disney Plus)\u00a0<\/strong><\/p>\n<p>Hyllats som tusan n\u00e4r serien s\u00e4nts i USA. Nu dags f\u00f6r svensk visning. Sterlin Harjo ligger bakom dramaserien som utspelas i Tulsa och som f\u00f6ljer Ethan Hawks rollfigur Lee Raybon. Han ska vara en sj\u00e4lvutn\u00e4mnd sanningss\u00e4gare som bland annat avsl\u00f6jar korruption. Ett p\u00e5st\u00e5tt sj\u00e4lvmord senare \u00e4r karusellen i g\u00e5ng.\u00a0<\/p>\n<p><strong>\u201dStranger things\u201d \u2013 s\u00e4song 5 (Netflix)\u00a0<\/strong><\/p>\n<p><img loading=\"lazy\"   alt=\"\"\/><\/p>\n<p>Noah Schnapp, Finn Wolfhard och Winona Ryder i \u201dStranger things\u201d.<\/p>\n<p>Foto: Netflix<\/p>\n<p>\u00d6ppna bild i helsk\u00e4rm<\/p>\n<p>Efter att de fyra f\u00f6rsta avsnitten landat kommer nu ytterligare tre. D\u00e4refter v\u00e4ntar det stora finalen 1 januari n\u00e4sta \u00e5r. Med stor sannolikhet kommer intensiteten \u00f6ka, s\u00e4rskilt med tanke p\u00e5 hur f\u00f6rsta halvan av sista s\u00e4songen slutade. \u00c4nd\u00e5 och hittills: en liten besvikelse. D\u00e4rmed kan det bara bli b\u00e4ttre.\u00a0<\/p>\n<p>27 december<\/p>\n<p><strong>\u201dTrevlig ny\u00e5rshelg!\u201d (SVT Play)\u00a0<\/strong><\/p>\n<p>En specialare fr\u00e5n g\u00e4nget som g\u00f6r \u201dTrevlig helg\u201d. L\u00e4r falla en hel del tittare i smaken. Ut\u00f6ver att Pr\u00e4st-Bj\u00f6rn bjuder p\u00e5 \u201den sprakande ny\u00e5rsshow\u201d v\u00e4ntar bland annat det h\u00e4r: \u201dAnton och Linus som \u00f6nskar sig helt olika saker av det kommande \u00e5ret. Yvonne samlar Toms \u201dv\u00e4nner\u201d till en storslagen middag.\u201d Med Hampus Nessvold, G\u00f6rel Crona, Annika Andersson och Anders T Olsson.<\/p>\n<p><strong>\u201dStj\u00e4rnorna p\u00e5 slottet\u201d (SVT Play)\u00a0<\/strong><\/p>\n<p>Programmet firar 20 s\u00e4songer med att l\u00e5ta Lotta Engberg \u00f6ppna upp om, bland annat, sin uppv\u00e4xt och vad SVT beskriver som en \u201dlivsl\u00e5ng jakt p\u00e5 k\u00e4rlek\u201d. Medverkar g\u00f6r \u00e4ven Martin \u201dE-Type\u201d Eriksson, Johan Hedenberg, Lasse Kron\u00e9r och Sarah Sj\u00f6str\u00f6m.\u00a0<\/p>\n","protected":false},"excerpt":{"rendered":"Publicerad 22 dec 2025 kl 18.03 Siw Malmqvist som julv\u00e4rd.\u00a0 \u201dKalle\u201d f\u00f6rst\u00e5s \u2013\u00a0men \u00e4ven annat.\u00a0 H\u00e4r \u00e4r serierna&hellip;\n","protected":false},"author":2,"featured_media":114136,"comment_status":"","ping_status":"","sticky":false,"template":"","format":"standard","meta":{"footnotes":""},"categories":[67],"tags":[104,2391,1839,544,836,34,645,31,33,32,30,646,105],"class_list":{"0":"post-114135","1":"post","2":"type-post","3":"status-publish","4":"format-standard","5":"has-post-thumbnail","7":"category-underhallning","8":"tag-entertainment","9":"tag-organization-disney-plus","10":"tag-organization-netflix","11":"tag-organization-svt-play","12":"tag-organization-tv4-play","13":"tag-se","14":"tag-sections-tv","15":"tag-svenska","16":"tag-sverige","17":"tag-sweden","18":"tag-swedish","19":"tag-topic-tv-serier","20":"tag-underhallning"},"share_on_mastodon":{"url":"https:\/\/pubeurope.com\/@se\/115764371372187701","error":""},"_links":{"self":[{"href":"https:\/\/www.europesays.com\/se\/wp-json\/wp\/v2\/posts\/114135","targetHints":{"allow":["GET"]}}],"collection":[{"href":"https:\/\/www.europesays.com\/se\/wp-json\/wp\/v2\/posts"}],"about":[{"href":"https:\/\/www.europesays.com\/se\/wp-json\/wp\/v2\/types\/post"}],"author":[{"embeddable":true,"href":"https:\/\/www.europesays.com\/se\/wp-json\/wp\/v2\/users\/2"}],"replies":[{"embeddable":true,"href":"https:\/\/www.europesays.com\/se\/wp-json\/wp\/v2\/comments?post=114135"}],"version-history":[{"count":0,"href":"https:\/\/www.europesays.com\/se\/wp-json\/wp\/v2\/posts\/114135\/revisions"}],"wp:featuredmedia":[{"embeddable":true,"href":"https:\/\/www.europesays.com\/se\/wp-json\/wp\/v2\/media\/114136"}],"wp:attachment":[{"href":"https:\/\/www.europesays.com\/se\/wp-json\/wp\/v2\/media?parent=114135"}],"wp:term":[{"taxonomy":"category","embeddable":true,"href":"https:\/\/www.europesays.com\/se\/wp-json\/wp\/v2\/categories?post=114135"},{"taxonomy":"post_tag","embeddable":true,"href":"https:\/\/www.europesays.com\/se\/wp-json\/wp\/v2\/tags?post=114135"}],"curies":[{"name":"wp","href":"https:\/\/api.w.org\/{rel}","templated":true}]}}