{"id":114158,"date":"2025-12-22T17:50:14","date_gmt":"2025-12-22T17:50:14","guid":{"rendered":"https:\/\/www.europesays.com\/se\/114158\/"},"modified":"2025-12-22T17:50:14","modified_gmt":"2025-12-22T17:50:14","slug":"dis-lasare-samlade-in-miljoner-till-barnsjukhuset-i-kiev","status":"publish","type":"post","link":"https:\/\/www.europesays.com\/se\/114158\/","title":{"rendered":"Di:s l\u00e4sare samlade in miljoner till barnsjukhuset i Kiev"},"content":{"rendered":"<p><strong>Efter att <\/strong><a href=\"https:\/\/www.di.se\/nyheter\/di-s-lasare-sluter-upp-bakom-barnsjukhuset-i-kiev\/\" rel=\"nofollow noopener\" target=\"_blank\">Di:s l\u00e4sare<\/a>, <a href=\"https:\/\/www.di.se\/nyheter\/supertrion-backar-di-s-insamling-for-ukraina\/\" rel=\"nofollow noopener\" target=\"_blank\">n\u00e4ringslivstoppar<\/a> och <a href=\"https:\/\/www.di.se\/nyheter\/saabs-vd-om-attacken-det-varsta-man-kan-tanka-sig\/\" rel=\"nofollow noopener\" target=\"_blank\">bolagsj\u00e4ttar<\/a> givmilt \u00f6ppnat sina pl\u00e5nb\u00f6cker, samt<a href=\"https:\/\/www.di.se\/nyheter\/regeringen-matchar-de-insamlade-pengarna-till-ukraina\/\" rel=\"nofollow noopener\" target=\"_blank\"> regeringen skjutit till 20 miljoner kronor<\/a>, har 48 miljoner kronor donerats. Pengarna g\u00e5r uteslutande till verksamheten p\u00e5 det attackerade barnsjukhuset Okhmatdyt i Kiev, genom utbildningar och medicinsk utrustning.<\/p>\n<p>\u201dUkraina sl\u00e5ss f\u00f6r sin frihet, men \u00e4ven f\u00f6r v\u00e5r frihet. Att vi hj\u00e4lper ett barnsjukhus tror jag st\u00e4rker moralen i hela Ukraina, eftersom vi satsar p\u00e5 landets framtid \u2013 barnen\u201d, s\u00e4ger Beredskapslyftets Fredrik Hillelson, som har lett insamlingen.<\/p>\n<p><strong>\u201dJag \u00e4r stolt och<\/strong> imponerad \u00f6ver hur n\u00e4ringslivet och Di:s l\u00e4sare har g\u00e5tt samman och st\u00f6ttat insamlingen. Det visar p\u00e5 hur starkt det svenska st\u00f6det f\u00f6r Ukraina \u00e4r\u201d, s\u00e4ger Di:s chefredakt\u00f6r Peter Fellman.<\/p>\n<p>Ukrainas ambassad\u00f6r i Sverige, Svitlana Zalishchuk, beskriver hur viktigt sjukhuset \u00e4r f\u00f6r moralen i landet. N\u00e4r sjukhuset attackerades f\u00f6rskr\u00e4cktes ett helt land.<\/p>\n<p>\u201dDet var ett slag mot varje enskild familj \u2013 f\u00f6r ett barnsjukhus i Kiev inger hopp. N\u00e4r det bombades oroades och p\u00e5verkades varenda ukrainare av det\u201d, s\u00e4ger hon.<\/p>\n<p><img loading=\"lazy\" decoding=\"async\" class=\"image__el\" src=\"https:\/\/www.europesays.com\/se\/wp-content\/uploads\/2025\/12\/b09bbeb2-0bf3-4381-8af7-0c6677624708.jpeg\"   height=\"1279\" width=\"1920\" alt=\"\u201dIfall ni vill st\u00f6tta oss, ifall ni tror p\u00e5 Ukraina \u2013 tj\u00e4na pengar i mitt land\u201d, s\u00e4ger Svitlana Zalishchuk.\" onerror=\"this.style.visibility='hidden'; this.classList.add('load-error')\"\/>\u201dIfall ni vill st\u00f6tta oss, ifall ni tror p\u00e5 Ukraina \u2013 tj\u00e4na pengar i mitt land\u201d, s\u00e4ger Svitlana Zalishchuk.Foto: Elina Wahlstedt (Di)<\/p>\n<p><strong>Svitlana Zalishchuk<\/strong> har sedan hon tilltr\u00e4dde i juli i \u00e5r slagits av det svenska folkets st\u00f6d f\u00f6r landet. Beredskapslyftets satsning \u00e4r ett exempel p\u00e5 det.<\/p>\n<p>\u201dJag blir inspirerad, inte bara som ukrainsk ambassad\u00f6r utan som m\u00e4nniska. I inget annat land har jag sett ett lika stort st\u00f6d f\u00f6r Ukraina som i Sverige.\u201d<\/p>\n<p><strong>Hon po\u00e4ngterar att<\/strong> n\u00e4ringslivets st\u00f6d inte bara beh\u00f6ver vara genom v\u00e4lg\u00f6renhet \u2013 trots kriget \u00e4r Ukraina en fullt fungerande ekonomi.<\/p>\n<p>\u201dIfall ni vill st\u00f6tta oss, ifall ni tror p\u00e5 Ukraina \u2013 tj\u00e4na pengar i mitt land\u201d, uppmanar hon.<\/p>\n<p>\u201dI Ukraina arbetar ungef\u00e4r 80 svenska bolag. Vissa tj\u00e4nar stora pengar och p\u00e5 det s\u00e4ttet st\u00f6ttar de arbetsmarknaden och betalar skatt. Det \u00e4r m\u00f6jligt att verka i Ukraina.\u201d<\/p>\n<p><img loading=\"lazy\" decoding=\"async\" class=\"image__el\" src=\"https:\/\/www.europesays.com\/se\/wp-content\/uploads\/2025\/12\/f1953dcc-696b-4856-9daa-b681d556798c.jpeg\"   height=\"1078\" width=\"1920\" alt=\"Bland de gener\u00f6sa donatorerna till insamlingen finns n\u00e4ringslivstopparna Jacob Wallenberg, Stefan Persson och Caroline Berg. I en intervju i samband med donationen sade Jacob Wallenberg att han undanber sig presenter p\u00e5 sin 70-\u00e5rs dag den 13 januari men g\u00e4rna ser bidrag till barnsjukhuset Okhmatdyt.\" onerror=\"this.style.visibility='hidden'; this.classList.add('load-error')\"\/>Bland de gener\u00f6sa donatorerna till insamlingen finns n\u00e4ringslivstopparna Jacob Wallenberg, Stefan Persson och Caroline Berg. I en intervju i samband med donationen sade Jacob Wallenberg att han undanber sig presenter p\u00e5 sin 70-\u00e5rs dag den 13 januari men g\u00e4rna ser bidrag till barnsjukhuset Okhmatdyt.Foto: Cornelia J\u00f6nsson<\/p>\n<p><strong>Den st\u00f6rsta delen<\/strong> av pengarna som samlats in till Beredskapslyftet g\u00e5r till intensivv\u00e5rd och ecmo-behandling (en modifierad hj\u00e4rtlungmaskin), men \u00e4ven avancerad kirurgi.<\/p>\n<p>Dessutom kommer ukrainska l\u00e4kare och sjuksk\u00f6terskor att vidareutbildas i Sverige, under ledning av Svante Norgren, barnl\u00e4kare och chef f\u00f6r Astrid Lindgrens barnsjukhus. I b\u00f6rjan av december landar en ny omg\u00e5ng f\u00f6r en intensiv undervisningsperiod.<\/p>\n<p>\u201dSom l\u00e4kare \u00e4r det en fantastisk k\u00e4nsla att f\u00e5 verktyg f\u00f6r att kunna hj\u00e4lpa. Lika viktigt som pengarna \u00e4r det enorma st\u00f6d som str\u00f6mmar in fr\u00e5n s\u00e5 m\u00e5nga delar av det svenska samh\u00e4llet\u201d, kommenterar l\u00e4karen insamlingssucc\u00e9n.<\/p>\n<p>Det h\u00e4nder med pengarna nu<\/p>\n<p><strong>Beredskapslyftet kommer att<\/strong> forts\u00e4tta att anordna utbildningsprogram.<\/p>\n<p><strong>De kommer att bidra <\/strong>med utrustning f\u00f6r avancerad intensivv\u00e5rd och mikrokirurgi, inklusive ecmo-utrustning f\u00f6r de minsta patienterna, andningshj\u00e4lp till barn med neuromuskul\u00e4ra sjukdomar och VR-utrustning.<\/p>\n<p><strong>De tittar ocks\u00e5 p\u00e5<\/strong> att specialbygga en ambulans f\u00f6r att kunna transportera patienter under p\u00e5g\u00e5ende ecmo-behandling.\u00a0<\/p>\n<p><strong>Ett annat f\u00f6rslag<\/strong> \u00e4r att etablera ett akademiskt samarbete f\u00f6r att visa hur akademi och sjukhus kan samarbeta f\u00f6r att utveckla v\u00e5rden.<\/p>\n<p><strong>\u201dJag skulle ocks\u00e5<\/strong> vilja utveckla barnperspektivet, det allm\u00e4nna omh\u00e4ndertagandet, psykosociala st\u00f6det och rehabiliteringen av barnen p\u00e5 sjukhuset\u201d, skriver Svante Norgren.<\/p>\n<p><img loading=\"lazy\" decoding=\"async\" class=\"image__el\" src=\"https:\/\/www.europesays.com\/se\/wp-content\/uploads\/2025\/12\/c99ab826-5245-487e-b222-5e57a4289bc0.jpeg\"   height=\"1278\" width=\"1920\" alt=\"Ukrainska l\u00e4kare och sjuksk\u00f6terskor vidareutbildas i Sverige under ledning av Svante Norgren.\" onerror=\"this.style.visibility='hidden'; this.classList.add('load-error')\"\/>Ukrainska l\u00e4kare och sjuksk\u00f6terskor vidareutbildas i Sverige under ledning av Svante Norgren.Foto: Elina Wahlstedt (Di)<\/p>\n<p><strong>Tusentals Di-l\u00e4sare<\/strong> har donerat till insamlingen. En av anledningarna \u00e4r att insamlingen har en s\u00e5 konkret uppgift, tror Fredrik Hillelson.<\/p>\n<p>\u201dI \u00e5r har l\u00e4karna kunnat f\u00f6rdubbla antalet barn som de har r\u00e4ddat med hj\u00e4lp ecmo-maskiner. Med de h\u00e4r pengarna s\u00e5 kan de f\u00f6rdubbla ytterligare n\u00e4sta \u00e5r: i st\u00e4llet f\u00f6r att r\u00e4dda tio barn kommer de att kunna r\u00e4dda 20 barn.\u201d<\/p>\n<p><strong>Fredrik Hillelson och Svante Norgren<\/strong> ska bes\u00f6ka sjukhuset i b\u00f6rjan av n\u00e4sta \u00e5r f\u00f6r att tillsammans med sjukhusets ledning och l\u00e4kare best\u00e4mma vad exakt pengarna ska g\u00e5 till.<\/p>\n<p>\u201dAllting g\u00f6r vi p\u00e5 uppdrag av sjukhuset. Det \u00e4r inte vi sj\u00e4lva som hittar p\u00e5 vad vi tror att Ukraina beh\u00f6ver, utan vi fokuserar p\u00e5 vad sjukhusledningen och l\u00e4karna vill ha\u201d, s\u00e4ger Fredrik Hillelson.<\/p>\n<p><img loading=\"lazy\" decoding=\"async\" class=\"image__el\" src=\"https:\/\/www.europesays.com\/se\/wp-content\/uploads\/2025\/12\/f573c346-17f5-41f9-bc66-927aa5dd9561.jpeg\"   height=\"1278\" width=\"1920\" alt=\"Ukrainas ambassad\u00f6r Svitlana Zalishchuk flankerad av Beredskapslyftets Fredrik Hillelson och Svante Norgren, barnl\u00e4kare och chef f\u00f6r Astrid Lindgrens barnsjukhus.\" onerror=\"this.style.visibility='hidden'; this.classList.add('load-error')\"\/>Ukrainas ambassad\u00f6r Svitlana Zalishchuk flankerad av Beredskapslyftets Fredrik Hillelson och Svante Norgren, barnl\u00e4kare och chef f\u00f6r Astrid Lindgrens barnsjukhus.Foto: Elina Wahlstedt (Di)Beredskapslyftet<\/p>\n<p><strong>Beredskapslyftet <\/strong>\u00e4r ett privat n\u00e4ringslivsinitiativ som mobiliserar f\u00f6retag och resurser f\u00f6r att st\u00e4rka samh\u00e4llets beredskap vid kriser och akuta utmaningar.<\/p>\n<p><strong>Initiativet best\u00e5r<\/strong> av bland andra Novare, Wallenbergssf\u00e4rens FAM, Saab och Roschier.<\/p>\n<p>S\u00e5 bidrar du och ditt f\u00f6retag<\/p>\n<p><strong>Som f\u00f6retag:<\/strong><\/p>\n<p>Bankgiro: 5777-2329. M\u00e4rk din g\u00e5va med \u201dBarnsjukhus Ukraina\u201d.<\/p>\n<p><strong>Som privatperson:<\/strong><\/p>\n<p>Swisha din g\u00e5va genom att scanna QR-koden nedan med din mobilkamera eller swisha till nummer: 123 604 25 68<\/p>\n<p><strong>L\u00e4s mer om projektet: <\/strong><a href=\"https:\/\/www.beredskapslyftet.se\/barnsjukhus-ukraina\" rel=\"nofollow noopener\" target=\"_blank\">beredskapslyftet.se\/barnsjukhus-ukraina<\/a><\/p>\n<p>Hur bidrar ditt f\u00f6retag? Ber\u00e4tta om det f\u00f6r oss p\u00e5:<a href=\"https:\/\/www.di.se\/nyheter\/di-s-lasare-har-samlat-in-48-miljoner-till-ukrainska-barnsjukhuset\/mailto:julinsamling@di.se\" rel=\"nofollow noopener\" target=\"_blank\"> julinsamling@di.se<\/a><\/p>\n<p><img loading=\"lazy\" decoding=\"async\" class=\"image__el\" src=\"https:\/\/www.europesays.com\/se\/wp-content\/uploads\/2025\/12\/e10af4b2-c4f6-4784-9355-5a6cba7472b1.jpeg\"   height=\"800\" width=\"529\" alt=\"\" onerror=\"this.style.visibility='hidden'; this.classList.add('load-error')\"\/><\/p>\n","protected":false},"excerpt":{"rendered":"Efter att Di:s l\u00e4sare, n\u00e4ringslivstoppar och bolagsj\u00e4ttar givmilt \u00f6ppnat sina pl\u00e5nb\u00f6cker, samt regeringen skjutit till 20 miljoner kronor,&hellip;\n","protected":false},"author":2,"featured_media":114159,"comment_status":"","ping_status":"","sticky":false,"template":"","format":"standard","meta":{"footnotes":""},"categories":[12],"tags":[22,23,26,27,17,21,24,25,28,29,15,16,18,34,31,33,32,30,19,20],"class_list":{"0":"post-114158","1":"post","2":"type-post","3":"status-publish","4":"format-standard","5":"has-post-thumbnail","7":"category-sverige","8":"tag-breaking-news","9":"tag-breakingnews","10":"tag-featured-news","11":"tag-featurednews","12":"tag-headlines","13":"tag-huvudnyheter","14":"tag-latest-news","15":"tag-latestnews","16":"tag-main-news","17":"tag-mainnews","18":"tag-news","19":"tag-nyheter","20":"tag-rubriker","21":"tag-se","22":"tag-svenska","23":"tag-sverige","24":"tag-sweden","25":"tag-swedish","26":"tag-top-stories","27":"tag-topstories"},"share_on_mastodon":{"url":"https:\/\/pubeurope.com\/@se\/115764489811004283","error":""},"_links":{"self":[{"href":"https:\/\/www.europesays.com\/se\/wp-json\/wp\/v2\/posts\/114158","targetHints":{"allow":["GET"]}}],"collection":[{"href":"https:\/\/www.europesays.com\/se\/wp-json\/wp\/v2\/posts"}],"about":[{"href":"https:\/\/www.europesays.com\/se\/wp-json\/wp\/v2\/types\/post"}],"author":[{"embeddable":true,"href":"https:\/\/www.europesays.com\/se\/wp-json\/wp\/v2\/users\/2"}],"replies":[{"embeddable":true,"href":"https:\/\/www.europesays.com\/se\/wp-json\/wp\/v2\/comments?post=114158"}],"version-history":[{"count":0,"href":"https:\/\/www.europesays.com\/se\/wp-json\/wp\/v2\/posts\/114158\/revisions"}],"wp:featuredmedia":[{"embeddable":true,"href":"https:\/\/www.europesays.com\/se\/wp-json\/wp\/v2\/media\/114159"}],"wp:attachment":[{"href":"https:\/\/www.europesays.com\/se\/wp-json\/wp\/v2\/media?parent=114158"}],"wp:term":[{"taxonomy":"category","embeddable":true,"href":"https:\/\/www.europesays.com\/se\/wp-json\/wp\/v2\/categories?post=114158"},{"taxonomy":"post_tag","embeddable":true,"href":"https:\/\/www.europesays.com\/se\/wp-json\/wp\/v2\/tags?post=114158"}],"curies":[{"name":"wp","href":"https:\/\/api.w.org\/{rel}","templated":true}]}}