{"id":114163,"date":"2025-12-22T17:58:15","date_gmt":"2025-12-22T17:58:15","guid":{"rendered":"https:\/\/www.europesays.com\/se\/114163\/"},"modified":"2025-12-22T17:58:15","modified_gmt":"2025-12-22T17:58:15","slug":"har-kan-du-aka-skridskor-i-stan","status":"publish","type":"post","link":"https:\/\/www.europesays.com\/se\/114163\/","title":{"rendered":"H\u00e4r kan du \u00e5ka skridskor i stan"},"content":{"rendered":"<p class=\"ort\">Stockholm<\/p>\n<p class=\"text\">Totalt finns det 48 utomhusisar, varav flera av dem har spolats och \u00f6ppnat. Generellt f\u00f6rs\u00f6ker staden h\u00e5lla isarna \u00f6ppna fr\u00e5n vecka 43 till och med vecka 11.<\/p>\n<p class=\"text\">Men skicket p\u00e5 dem och huruvida det g\u00e5r att \u00e5ka kan variera under s\u00e4songen beroende p\u00e5 v\u00e4der och temperatur.<\/p>\n<p class=\"text\">Och om v\u00e4dret skulle svika, s\u00e5 finns det tio spolade inomhusisar i Stockholm som alltid h\u00e5ller \u00f6ppet (se faktaruta).<\/p>\n<p class=\"text\">Bandyfantaster kan gl\u00e4djas \u00e5t att samtliga isar d\u00e4r det g\u00e5r att lira nu \u00e4r klara. Det handlar om Sp\u00e5nga IP, Gubb\u00e4ngens IP, Zinkensdamms IP och \u00d6stermalms IP, som \u00e4r stadens st\u00f6rsta konstfrusna isbana.<\/p>\n<p class=\"text\">Kungstr\u00e4dg\u00e5rdens bana med skridskouthyrningen har ocks\u00e5 \u00f6ppnat f\u00f6r s\u00e4songen.<\/p>\n<p class=\"faktarubrik\">H\u00e4r kan du \u00e5ka ute<\/p>\n<p class=\"fakta\">Aspuddens\u00a0IP.<\/p>\n<p class=\"fakta\">B\u00e4verdalens IP.<\/p>\n<p class=\"fakta\">Eriksdals BP.<\/p>\n<p class=\"fakta\">Gubb\u00e4ngens IP.<\/p>\n<p class=\"fakta\">Husby IP (har ishall ocks\u00e5).<\/p>\n<p class=\"fakta\">Kungstr\u00e4dg\u00e5rden.<\/p>\n<p class=\"fakta\">Medborgarplatsens isbana.<\/p>\n<p class=\"fakta\">Sk\u00e4rholmstorgets skridskobana.<\/p>\n<p class=\"fakta\">Sk\u00f6ndals BP.<\/p>\n<p class=\"fakta\">Sp\u00e5nga IP (har ishall ocks\u00e5).<\/p>\n<p class=\"fakta\">Vasaparkens isbana.<\/p>\n<p class=\"fakta\">Zinkensdamms IP.<\/p>\n<p class=\"fakta\">\u00d6stermalms IP.<\/p>\n<p class=\"fakta\">Totalt finns det 48 isar i Stockholms stad. Skicket p\u00e5 isarna varierar beroende p\u00e5 v\u00e4der och temperatur. <\/p>\n<p class=\"fakta\">Vid de majoriteten av isarna saknas det dagsf\u00e4rsk information om skicket. Bes\u00f6kare f\u00e5r g\u00f6ra sin egen bed\u00f6mning p\u00e5 plats.<\/p>\n<p class=\"fakta\">Isarna kan ha begr\u00e4nsade \u00f6ppettider. F\u00f6r att ta reda p\u00e5 vad som g\u00e4ller vid din is kollar du enklast p\u00e5 <a target=\"_blank\" rel=\"noopener nofollow\" href=\"https:\/\/motionera.stockholm\/hitta-skridskois\/\">Stockholms stads hemsida<\/a>.<\/p>\n<p class=\"faktakalla\">K\u00e4lla: Stockholms stad<\/p>\n<p class=\"faktarubrik\">H\u00e4r kan du \u00e5ka inomhus<\/p>\n<p class=\"fakta\">Husby ishall.<\/p>\n<p class=\"fakta\">Sp\u00e5nga ishall.<\/p>\n<p class=\"fakta\">Grimsta ishall.<\/p>\n<p class=\"fakta\">Stora mossens ishallar.<\/p>\n<p class=\"fakta\">M\u00e4larh\u00f6jdens idrottsplats.<\/p>\n<p class=\"fakta\">Gubb\u00e4ngens bandyhall.<\/p>\n<p class=\"fakta\">Farsta ishall.<\/p>\n<p class=\"fakta\">K\u00e4rrtorps ishall.<\/p>\n<p class=\"fakta\">Zinkensdamms ishall.<\/p>\n<p class=\"fakta\">\u00d6stermalms IP ishall.<\/p>\n<p class=\"fakta\">\u00d6ppettiderna kan variera. F\u00f6r att ta reda p\u00e5 vad som g\u00e4ller vid din hall kollar du enklast p\u00e5 <a target=\"_blank\" rel=\"noopener nofollow\" href=\"https:\/\/motionera.stockholm\/hitta-skridskois\/\">Stockholms stads hemsida<\/a>.<\/p>\n<p class=\"faktakalla\">K\u00e4lla: Stockholms stad<\/p>\n","protected":false},"excerpt":{"rendered":"Stockholm Totalt finns det 48 utomhusisar, varav flera av dem har spolats och \u00f6ppnat. Generellt f\u00f6rs\u00f6ker staden h\u00e5lla&hellip;\n","protected":false},"author":2,"featured_media":114164,"comment_status":"","ping_status":"","sticky":false,"template":"","format":"standard","meta":{"footnotes":""},"categories":[12],"tags":[22,23,26,27,17,21,24,25,28,29,15,16,18,34,31,33,32,30,19,20],"class_list":{"0":"post-114163","1":"post","2":"type-post","3":"status-publish","4":"format-standard","5":"has-post-thumbnail","7":"category-sverige","8":"tag-breaking-news","9":"tag-breakingnews","10":"tag-featured-news","11":"tag-featurednews","12":"tag-headlines","13":"tag-huvudnyheter","14":"tag-latest-news","15":"tag-latestnews","16":"tag-main-news","17":"tag-mainnews","18":"tag-news","19":"tag-nyheter","20":"tag-rubriker","21":"tag-se","22":"tag-svenska","23":"tag-sverige","24":"tag-sweden","25":"tag-swedish","26":"tag-top-stories","27":"tag-topstories"},"share_on_mastodon":{"url":"https:\/\/pubeurope.com\/@se\/115764520832274620","error":""},"_links":{"self":[{"href":"https:\/\/www.europesays.com\/se\/wp-json\/wp\/v2\/posts\/114163","targetHints":{"allow":["GET"]}}],"collection":[{"href":"https:\/\/www.europesays.com\/se\/wp-json\/wp\/v2\/posts"}],"about":[{"href":"https:\/\/www.europesays.com\/se\/wp-json\/wp\/v2\/types\/post"}],"author":[{"embeddable":true,"href":"https:\/\/www.europesays.com\/se\/wp-json\/wp\/v2\/users\/2"}],"replies":[{"embeddable":true,"href":"https:\/\/www.europesays.com\/se\/wp-json\/wp\/v2\/comments?post=114163"}],"version-history":[{"count":0,"href":"https:\/\/www.europesays.com\/se\/wp-json\/wp\/v2\/posts\/114163\/revisions"}],"wp:featuredmedia":[{"embeddable":true,"href":"https:\/\/www.europesays.com\/se\/wp-json\/wp\/v2\/media\/114164"}],"wp:attachment":[{"href":"https:\/\/www.europesays.com\/se\/wp-json\/wp\/v2\/media?parent=114163"}],"wp:term":[{"taxonomy":"category","embeddable":true,"href":"https:\/\/www.europesays.com\/se\/wp-json\/wp\/v2\/categories?post=114163"},{"taxonomy":"post_tag","embeddable":true,"href":"https:\/\/www.europesays.com\/se\/wp-json\/wp\/v2\/tags?post=114163"}],"curies":[{"name":"wp","href":"https:\/\/api.w.org\/{rel}","templated":true}]}}