{"id":114165,"date":"2025-12-22T17:59:31","date_gmt":"2025-12-22T17:59:31","guid":{"rendered":"https:\/\/www.europesays.com\/se\/114165\/"},"modified":"2025-12-22T17:59:31","modified_gmt":"2025-12-22T17:59:31","slug":"efter-insats-haktad-for-grovt-narkotikabrott","status":"publish","type":"post","link":"https:\/\/www.europesays.com\/se\/114165\/","title":{"rendered":"Efter insats \u2013 h\u00e4ktad f\u00f6r grovt narkotikabrott"},"content":{"rendered":"<p>Mannen greps under torsdagen efter en koordinerad insats med flera myndigheter. Han misst\u00e4nks ut\u00f6ver narkotikabrott f\u00f6r grovt penningtv\u00e4ttbrott, skriver polisen i ett pressmeddelande. <\/p>\n<p>Parallellt med gripandet i Sverige genomf\u00f6rdes ocks\u00e5 en insats i Kosovo, d\u00e4r man beslagtagit bland annat fastigheter, kontanter och ett fordon. \u00c4ven i Sverige har v\u00e4rdef\u00f6rem\u00e5l s\u00e4krats till utredningen. <\/p>\n","protected":false},"excerpt":{"rendered":"Mannen greps under torsdagen efter en koordinerad insats med flera myndigheter. Han misst\u00e4nks ut\u00f6ver narkotikabrott f\u00f6r grovt penningtv\u00e4ttbrott,&hellip;\n","protected":false},"author":2,"featured_media":114166,"comment_status":"","ping_status":"","sticky":false,"template":"","format":"standard","meta":{"footnotes":""},"categories":[5],"tags":[22,23,26,27,17,21,24,25,28,29,15,16,18,34,31,33,32,30,19,20],"class_list":{"0":"post-114165","1":"post","2":"type-post","3":"status-publish","4":"format-standard","5":"has-post-thumbnail","7":"category-rubriker","8":"tag-breaking-news","9":"tag-breakingnews","10":"tag-featured-news","11":"tag-featurednews","12":"tag-headlines","13":"tag-huvudnyheter","14":"tag-latest-news","15":"tag-latestnews","16":"tag-main-news","17":"tag-mainnews","18":"tag-news","19":"tag-nyheter","20":"tag-rubriker","21":"tag-se","22":"tag-svenska","23":"tag-sverige","24":"tag-sweden","25":"tag-swedish","26":"tag-top-stories","27":"tag-topstories"},"share_on_mastodon":{"url":"https:\/\/pubeurope.com\/@se\/115764524750960367","error":""},"_links":{"self":[{"href":"https:\/\/www.europesays.com\/se\/wp-json\/wp\/v2\/posts\/114165","targetHints":{"allow":["GET"]}}],"collection":[{"href":"https:\/\/www.europesays.com\/se\/wp-json\/wp\/v2\/posts"}],"about":[{"href":"https:\/\/www.europesays.com\/se\/wp-json\/wp\/v2\/types\/post"}],"author":[{"embeddable":true,"href":"https:\/\/www.europesays.com\/se\/wp-json\/wp\/v2\/users\/2"}],"replies":[{"embeddable":true,"href":"https:\/\/www.europesays.com\/se\/wp-json\/wp\/v2\/comments?post=114165"}],"version-history":[{"count":0,"href":"https:\/\/www.europesays.com\/se\/wp-json\/wp\/v2\/posts\/114165\/revisions"}],"wp:featuredmedia":[{"embeddable":true,"href":"https:\/\/www.europesays.com\/se\/wp-json\/wp\/v2\/media\/114166"}],"wp:attachment":[{"href":"https:\/\/www.europesays.com\/se\/wp-json\/wp\/v2\/media?parent=114165"}],"wp:term":[{"taxonomy":"category","embeddable":true,"href":"https:\/\/www.europesays.com\/se\/wp-json\/wp\/v2\/categories?post=114165"},{"taxonomy":"post_tag","embeddable":true,"href":"https:\/\/www.europesays.com\/se\/wp-json\/wp\/v2\/tags?post=114165"}],"curies":[{"name":"wp","href":"https:\/\/api.w.org\/{rel}","templated":true}]}}