{"id":11417,"date":"2025-08-22T21:26:06","date_gmt":"2025-08-22T21:26:06","guid":{"rendered":"https:\/\/www.europesays.com\/se\/11417\/"},"modified":"2025-08-22T21:26:06","modified_gmt":"2025-08-22T21:26:06","slug":"landar-for-ofta-i-menloshet","status":"publish","type":"post","link":"https:\/\/www.europesays.com\/se\/11417\/","title":{"rendered":"Landar f\u00f6r ofta i menl\u00f6shet"},"content":{"rendered":"<p>Publicerad 22 aug 2025 kl 23.08<\/p>\n<p>Ed Sheeran g\u00e5r runt p\u00e5 en liten scen i mitten av arenan men n\u00e5r aldrig riktigt fram. Det blir en l\u00e5ng kv\u00e4ll med en v\u00e4rldsstj\u00e4rna i full kontroll men som alltf\u00f6r ofta landar i menl\u00f6shet.<\/p>\n<p>Senaste n\u00f6jesklippen fr\u00e5n Expressen.<img   alt=\"\"\/><\/p>\n<p>Ed Sheeran i Stockholm.<\/p>\n<p>Foto: PELLE T NILSSON \/ SPA SPA | SWEDISH PRESS AGENCY<\/p>\n<p>\u00d6ppna bild i helsk\u00e4rm<img loading=\"lazy\"   alt=\"\"\/><\/p>\n<p>Ed Sheeran i Stockholm.<\/p>\n<p>Foto: PELLE T NILSSON \/ SPA SPA | SWEDISH PRESS AGENCY<\/p>\n<p>\u00d6ppna bild i helsk\u00e4rm<img loading=\"lazy\"   alt=\"\"\/><\/p>\n<p>Ed Sheeran i Stockholm.<\/p>\n<p>Foto: PELLE T NILSSON \/ SPA SPA | SWEDISH PRESS AGENCY<\/p>\n<p>\u00d6ppna bild i helsk\u00e4rm<img loading=\"lazy\"   alt=\"\"\/><\/p>\n<p>Ed Sheeran i Stockholm.<\/p>\n<p>Foto: PELLE T NILSSON \/ SPA SPA | SWEDISH PRESS AGENCY<\/p>\n<p>\u00d6ppna bild i helsk\u00e4rmEd Sheeran, Strawberry arena<\/p>\n<p><strong>B\u00e4st: <\/strong>N\u00e4r Tove Lo g\u00e4star i egna \u201dTalking Body\u201d h\u00e4nder n\u00e5got annat.\u00a0<\/p>\n<p><strong>S\u00e4mst: <\/strong>Tja, vi kan ta det horribla rockandet i \u201dBlow\u201d.\u00a0<\/p>\n<p><strong>\u00d6verraskande: <\/strong>Att han har med sig ett band. Det trodde jag inte.<\/p>\n<p><strong>St\u00e4mning: <\/strong>St\u00e4mbanden p\u00e5 Stockholmspubliken \u00e4r det verkligen inget fel p\u00e5.<\/p>\n<p><strong>Spaning: <\/strong>Har tv\u00e5 av popens absolut st\u00f6rsta stj\u00e4rnor (i kv\u00e4ll Drake och Sheeran) n\u00e5gonsin tidigare spelat samtidigt i Stockholm?<\/p>\n<p>Visa mer<\/p>\n<p>Det finns n\u00e5got v\u00e4ldigt irriterande med <a href=\"https:\/\/www.expressen.se\/tagg\/person\/ed-sheeran\/\" class=\"\" rel=\"nofollow noopener\" target=\"_blank\">Ed Sheeran<\/a>. Exempel finns m\u00e5nga. Hur britten sk\u00f6ter live-biten solo, trots att han spelar p\u00e5 v\u00e4rldens st\u00f6rsta arenor. En gnagande k\u00e4nsla av en artist som utstuderat skriver popl\u00e5tar i s\u00e5 m\u00e5nga olika genrer som m\u00f6jligt f\u00f6r maximal tr\u00e4ffyta. Som hur han med singeln \u201dAzizam\u201d tidigare i \u00e5r best\u00e4mde att v\u00e4rlden nu ska digga pop doppad i persisk musik \u2013 och att det fungerade. Plus att han verkar vara en vanlig brittisk bloke med fru och barn som bara r\u00e5kat bli en av v\u00e4rldens st\u00f6rsta artister. Irriterande, som sagt.<\/p>\n<p>Allt det h\u00e4r g\u00e5r att v\u00e4nda p\u00e5.\u00a0<\/p>\n<p>Att kunna skriva l\u00e5tar om och om igen som blir v\u00e4rldshits helt oavsett genre \u00e4r f\u00f6rst\u00e5s en sv\u00e5r konst. Att verka vara trevlig \u00e4r inte direkt en d\u00f6dssynd. Och live-biten? F\u00f6rsta g\u00e5ngen Sheeran loopar sig sj\u00e4lv inne i Strawberry arena och l\u00e4gger lager p\u00e5 lager \u00e4r effekten anm\u00e4rkningsv\u00e4rd.<\/p>\n<p><img loading=\"lazy\"   alt=\"\"\/><\/p>\n<p>Ed Sheeran i Stockholm.<\/p>\n<p>Foto: PELLE T NILSSON \/ SPA SPA | SWEDISH PRESS AGENCY<\/p>\n<p>\u00d6ppna bild i helsk\u00e4rmF\u00f6rsvinner aldrig<\/p>\n<p>Den aktuella turn\u00e9n \u00a0\u201d+\u2212=\u00f7\u00d7\u201d n\u00e5dde redan f\u00f6r tre \u00e5r sedan Ullevi. N\u00e4sta m\u00e5nad tar den slut, veckan efter sl\u00e4pps nya plattan \u201dPlay\u201d. Den r\u00f6dh\u00e5rige f\u00f6rsvinner aldrig helt.<\/p>\n<p>Scenbygget i Stockholm verkar vara redo f\u00f6r en presentation av ett nytt operativsystem. En rund liten scen i mitten av arenan och hiskeliga st\u00e5lbalkar sticker upp med h\u00e4ngande sk\u00e4rmar. N\u00e4r \u201dCastle on the hill\u201d drar i g\u00e5ng hoppar Sheeran upp ur scengolvet samtidigt som sex musiker visar sig vara utplacerade vid balkarna. S\u00e5 mycket f\u00f6r att han k\u00f6r live sj\u00e4lv, allts\u00e5. \u00c5 andra sidan f\u00f6rsvinner bandet lagom till \u201dShivers\u201d d\u00e5 Sheeran varnar oss f\u00f6r att: \u201dOm du inte kan l\u00e5tarna jag spelar kommer det bli l\u00e5nga tv\u00e5 och en halv timmar\u201d.\u00a0<\/p>\n<p>Det visar sig bli l\u00e5ngt oavsett f\u00f6rkunskaper.<\/p>\n<p><img loading=\"lazy\"   alt=\"\"\/><\/p>\n<p>Ed Sheeran i Stockholm.<\/p>\n<p>Foto: PELLE T NILSSON \/ SPA SPA | SWEDISH PRESS AGENCY<\/p>\n<p>\u00d6ppna bild i helsk\u00e4rmL\u00e4gerelds-l\u00e5tar<\/p>\n<p>Sheerans styrka ligger i l\u00e4gerelds-l\u00e5tar som \u00e4r sj\u00e4lvklara att sjunga med i. N\u00e4r han s\u00e4ger att han vill att vi alla skriker oss hesa under kv\u00e4llen \u00e4r det inte skryt utan ren logik. S\u00e5 m\u00e5nga hits har han bakom sig som bitit sig fast i v\u00e5rt kollektiva popul\u00e4rkulturella medvetande. Men f\u00f6r varje \u201dLove Yourself\u201d g\u00e5r det minst ett s\u00e4nke som \u201dBlow\u201d eller (brrr) \u201dA little more\u201d. Och s\u00e5 fort Sheeran b\u00f6rjar med sin prat-rap \u00e4r det n\u00e5got som g\u00e5r s\u00f6nder i mig.\u00a0<\/p>\n<p>Han ber\u00e4ttar r\u00e4tt r\u00f6rande om att m\u00e5let som arton\u00e5ring var att lyckas i London (vilket tog ett tag) och att han i dag spelar genombrottsl\u00e5ten p\u00e5 samma s\u00e4tt. Synd bara att \u201dThe A Team\u201d fortfarande \u00e4r lika lam. Den fj\u00e4rde g\u00e5ngen han loopar sig sj\u00e4lv k\u00e4nns det som att vi fattat grejen. N\u00e4r bandet dyker upp igen vid balkarna \u00e4r de efterl\u00e4ngtade. N\u00e4r Ed v\u00e4xlar upp hit-kvoten blir kv\u00e4llen stadigare, men skadan \u00e4r d\u00e5 redan skedd.<\/p>\n<p>Det stora problemet h\u00e4r \u00e4r inte Sheeran sj\u00e4lv, en avslappnad v\u00e4rd till sextio tusen festg\u00e4ster.<\/p>\n<p>D\u00e4remot tappas n\u00e5got i det stora formatet s\u00e5 fort l\u00e5tarna inte \u00e4r sylvassa. Och att f\u00f6r mycket h\u00e4r drunknar i menl\u00f6shet. Helt oavsett kompband eller ej.<\/p>\n<p><img loading=\"lazy\"   alt=\"\"\/><\/p>\n<p>Ed Sheeran i Stockholm.<\/p>\n<p>Foto: PELLE T NILSSON \/ SPA SPA | SWEDISH PRESS AGENCY<\/p>\n<p>\u00d6ppna bild i helsk\u00e4rmL\u00e5t f\u00f6r l\u00e5t<\/p>\n<p>Castle on the Hill<\/p>\n<p>Blow<\/p>\n<p>Shivers<\/p>\n<p>The A Team<\/p>\n<p>Don&#8217;t<\/p>\n<p>Sapphire<\/p>\n<p>Eyes Closed<\/p>\n<p>Give Me Love<\/p>\n<p>I Was made For Loving You (med Tori Kelly)<\/p>\n<p>A Little More<\/p>\n<p>Take Me Back to London \/ River \/ Peru \/ 2step \/ Cross Me \/ Beautiful People \/ South of the Border \/ Own It \/ I Don&#8217;t Care<\/p>\n<p>Celestial<\/p>\n<p>Camera<\/p>\n<p>Galway Girl<\/p>\n<p>Nancy Mulligan<\/p>\n<p>Thinking Out Loud<\/p>\n<p>Love Yourself\u00a0<\/p>\n<p>Old Phone<\/p>\n<p>Photograph<\/p>\n<p>Talking body (med Tove Lo)<\/p>\n<p>Perfect<\/p>\n<p>Bloodstream<\/p>\n<p>Afterglow<\/p>\n<p>You Need Me, I Don&#8217;t Need You<\/p>\n<p>Azizam<\/p>\n<p>Shape of You<\/p>\n<p>Bad Habits<\/p>\n<p>Visa mer<img loading=\"lazy\"   alt=\"\"\/>\u00d6ppna bild i helsk\u00e4rm<\/p>\n<p>Anders Dahlbom ger dig recensioner fr\u00e5n de st\u00f6rsta och hetaste konserterna. Efter 20 \u00e5r av konsertbes\u00f6k f\u00f6r Expressen N\u00f6je kan du lita p\u00e5 att Anders ger dig recensioner som f\u00e5ngar allt det viktigaste du missade \u2013 eller det du upplevde!<\/p>\n","protected":false},"excerpt":{"rendered":"Publicerad 22 aug 2025 kl 23.08 Ed Sheeran g\u00e5r runt p\u00e5 en liten scen i mitten av arenan&hellip;\n","protected":false},"author":2,"featured_media":11418,"comment_status":"","ping_status":"","sticky":false,"template":"","format":"standard","meta":{"footnotes":""},"categories":[67],"tags":[104,135,1576,1493,34,775,31,33,32,30,1410,105],"class_list":{"0":"post-11417","1":"post","2":"type-post","3":"status-publish","4":"format-standard","5":"has-post-thumbnail","7":"category-underhallning","8":"tag-entertainment","9":"tag-location-stockholm","10":"tag-organization-strawberry-arena","11":"tag-person-ed-sheeran","12":"tag-se","13":"tag-sections-musik","14":"tag-svenska","15":"tag-sverige","16":"tag-sweden","17":"tag-swedish","18":"tag-topic-konsertrecension","19":"tag-underhallning"},"share_on_mastodon":{"url":"","error":""},"_links":{"self":[{"href":"https:\/\/www.europesays.com\/se\/wp-json\/wp\/v2\/posts\/11417","targetHints":{"allow":["GET"]}}],"collection":[{"href":"https:\/\/www.europesays.com\/se\/wp-json\/wp\/v2\/posts"}],"about":[{"href":"https:\/\/www.europesays.com\/se\/wp-json\/wp\/v2\/types\/post"}],"author":[{"embeddable":true,"href":"https:\/\/www.europesays.com\/se\/wp-json\/wp\/v2\/users\/2"}],"replies":[{"embeddable":true,"href":"https:\/\/www.europesays.com\/se\/wp-json\/wp\/v2\/comments?post=11417"}],"version-history":[{"count":0,"href":"https:\/\/www.europesays.com\/se\/wp-json\/wp\/v2\/posts\/11417\/revisions"}],"wp:featuredmedia":[{"embeddable":true,"href":"https:\/\/www.europesays.com\/se\/wp-json\/wp\/v2\/media\/11418"}],"wp:attachment":[{"href":"https:\/\/www.europesays.com\/se\/wp-json\/wp\/v2\/media?parent=11417"}],"wp:term":[{"taxonomy":"category","embeddable":true,"href":"https:\/\/www.europesays.com\/se\/wp-json\/wp\/v2\/categories?post=11417"},{"taxonomy":"post_tag","embeddable":true,"href":"https:\/\/www.europesays.com\/se\/wp-json\/wp\/v2\/tags?post=11417"}],"curies":[{"name":"wp","href":"https:\/\/api.w.org\/{rel}","templated":true}]}}