{"id":114179,"date":"2025-12-22T18:19:08","date_gmt":"2025-12-22T18:19:08","guid":{"rendered":"https:\/\/www.europesays.com\/se\/114179\/"},"modified":"2025-12-22T18:19:08","modified_gmt":"2025-12-22T18:19:08","slug":"bingo-rimer-ber-om-ursakt-efter-smygfilmade-barnvideon","status":"publish","type":"post","link":"https:\/\/www.europesays.com\/se\/114179\/","title":{"rendered":"Bingo Rim\u00e9r ber om urs\u00e4kt efter \u201dsmygfilmade\u201d barnvideon"},"content":{"rendered":"<p>Publicerad 22 dec 2025 kl 19.05<\/p>\n<p>Bingo Rim\u00e9r la ut en Instagramvideo d\u00e4r han \u201dsmygfilmade\u201d barnens klasskompisar.<\/p>\n<p>Nu ber han och urs\u00e4kt och har tagit bort filmen.<\/p>\n<p>\u2013 Det var ett dumt och opassande sk\u00e4mt, s\u00e4ger k\u00e4ndisfotografen.<\/p>\n<p><img   alt=\"\"\/><\/p>\n<p>Bingo Rim\u00e9r.<\/p>\n<p>Foto: Olle Sporrong<\/p>\n<p>\u00d6ppna bild i helsk\u00e4rm<\/p>\n<p>N\u00e4r Carolina Gynning nyligen la ut en video p\u00e5 sin dotters luciat\u00e5g p\u00e5 Instagram ledde det till en het debatt och stark kritik.<\/p>\n<p>Anledningen \u00e4r att flera barn f\u00f6rutom Gynnings dotter syns i videon och p\u00e5 m\u00e5nga skolor r\u00e5der det fotof\u00f6rbud f\u00f6r att barn med skyddad identitet inte ska r\u00f6jas, bland annat. Profilens \u00f6ppna Instagramkonto f\u00f6ljs dessutom av n\u00e4ra 800 000 personer.<\/p>\n<p>Videon har bland annat <a href=\"https:\/\/www.expressen.se\/noje\/alex-schulmans-attack-mot-viktor--philipson-efter-klippet-om-lucia\/\" rel=\"nofollow noopener\" target=\"_blank\">kritiserats av Alex Schulman i podden \u201dAlex och Sigge\u201d<\/a> medan <a href=\"https:\/\/www.expressen.se\/noje\/kritikstorm-mot-gynning-efter-luciabilden-ryter-ifran\/\" rel=\"nofollow noopener\" target=\"_blank\">Gynning v\u00e4grar ta bort filmen<\/a> och tycker inte att hon har gjort n\u00e5got fel.<\/p>\n<p>\u00c4ven <a href=\"https:\/\/www.expressen.se\/tagg\/person\/bingo-rimer\/\" class=\"\" rel=\"nofollow noopener\" target=\"_blank\">Bingo Rim\u00e9r<\/a> har kritiserats f\u00f6r en Instagramvideo han nyligen la ut p\u00e5 sina barns klasskompisar \u2013 som han nu har tagit bort.<\/p>\n<p>Sk\u00e4mt som misstolkades<\/p>\n<p>F\u00f6r Expressen f\u00f6rklarar han att det handlar om ett sk\u00e4mt som misstolkades.<\/p>\n<p>\u2013 Jag \u00e4r klassf\u00f6r\u00e4lder och min uppgift som fotograf \u00e4r att dokumentera alla aktiviteter och dela med mig till alla f\u00f6r\u00e4ldrar och alla i klassen. Och sen s\u00e5 skojade jag lite med Gynning och skrev en rolig kommentar, s\u00e4ger Bingo Rim\u00e9r.<\/p>\n<p><strong>Att du hade smygfilmat?<\/strong><\/p>\n<p>\u2013 Ja, exakt. Och de som inte vet att jag \u00e4r klassf\u00f6r\u00e4lder och har tillst\u00e5nd att filma fr\u00e5n samtliga elever, f\u00f6r\u00e4ldrar och l\u00e4rare, de misstolkar det. S\u00e5 det landade ju j\u00e4ttefel.<\/p>\n<p>Rim\u00e9r \u00e5ngrar att han la ut videon och har nu bett om urs\u00e4kt i ett inl\u00e4gg p\u00e5 Instagram.<\/p>\n<p>\u2013 Det var ett dumt och opassande sk\u00e4mt som blev fel, s\u00e4ger han.<\/p>\n<p>Livevideo f\u00f6r att belysa<\/p>\n<p>Efter\u00e5t har Rim\u00e9r medverkat i en livevideo p\u00e5 Instagram med Caroline Engvall som \u00e4r f\u00f6rfattare och f\u00f6rel\u00e4sare specialiserad p\u00e5 barns utsatthet p\u00e5 n\u00e4tet, f\u00f6r att belysa \u00e4mnet.<\/p>\n<p>\u2013 Det jag har l\u00e4rt mig \u00e4r att det finns v\u00e4ldigt, v\u00e4ldigt m\u00e5nga barn i v\u00e5rt samh\u00e4lle som far illa av exponeringen, p\u00e5 grund av att de har skyddad identitet. S\u00e5 det var en v\u00e4ldigt nyttig l\u00e4rdom.\u00a0<\/p>\n","protected":false},"excerpt":{"rendered":"Publicerad 22 dec 2025 kl 19.05 Bingo Rim\u00e9r la ut en Instagramvideo d\u00e4r han \u201dsmygfilmade\u201d barnens klasskompisar. Nu&hellip;\n","protected":false},"author":2,"featured_media":114180,"comment_status":"","ping_status":"","sticky":false,"template":"","format":"standard","meta":{"footnotes":""},"categories":[67],"tags":[104,3283,3782,34,31,33,32,30,310,105],"class_list":{"0":"post-114179","1":"post","2":"type-post","3":"status-publish","4":"format-standard","5":"has-post-thumbnail","7":"category-underhallning","8":"tag-entertainment","9":"tag-person-bingo-rimer","10":"tag-person-carolina-gynning","11":"tag-se","12":"tag-svenska","13":"tag-sverige","14":"tag-sweden","15":"tag-swedish","16":"tag-topic-kandisar","17":"tag-underhallning"},"share_on_mastodon":{"url":"https:\/\/pubeurope.com\/@se\/115764603318086846","error":""},"_links":{"self":[{"href":"https:\/\/www.europesays.com\/se\/wp-json\/wp\/v2\/posts\/114179","targetHints":{"allow":["GET"]}}],"collection":[{"href":"https:\/\/www.europesays.com\/se\/wp-json\/wp\/v2\/posts"}],"about":[{"href":"https:\/\/www.europesays.com\/se\/wp-json\/wp\/v2\/types\/post"}],"author":[{"embeddable":true,"href":"https:\/\/www.europesays.com\/se\/wp-json\/wp\/v2\/users\/2"}],"replies":[{"embeddable":true,"href":"https:\/\/www.europesays.com\/se\/wp-json\/wp\/v2\/comments?post=114179"}],"version-history":[{"count":0,"href":"https:\/\/www.europesays.com\/se\/wp-json\/wp\/v2\/posts\/114179\/revisions"}],"wp:featuredmedia":[{"embeddable":true,"href":"https:\/\/www.europesays.com\/se\/wp-json\/wp\/v2\/media\/114180"}],"wp:attachment":[{"href":"https:\/\/www.europesays.com\/se\/wp-json\/wp\/v2\/media?parent=114179"}],"wp:term":[{"taxonomy":"category","embeddable":true,"href":"https:\/\/www.europesays.com\/se\/wp-json\/wp\/v2\/categories?post=114179"},{"taxonomy":"post_tag","embeddable":true,"href":"https:\/\/www.europesays.com\/se\/wp-json\/wp\/v2\/tags?post=114179"}],"curies":[{"name":"wp","href":"https:\/\/api.w.org\/{rel}","templated":true}]}}