{"id":114185,"date":"2025-12-22T18:26:46","date_gmt":"2025-12-22T18:26:46","guid":{"rendered":"https:\/\/www.europesays.com\/se\/114185\/"},"modified":"2025-12-22T18:26:46","modified_gmt":"2025-12-22T18:26:46","slug":"trumps-ord-om-gronland","status":"publish","type":"post","link":"https:\/\/www.europesays.com\/se\/114185\/","title":{"rendered":"Trumps ord om Gr\u00f6nland"},"content":{"rendered":"<p>Publicerad 22 dec 2025 kl 06.54Uppdaterad kl 15.53<\/p>\n<p>Donald Trump utser Louisianas guvern\u00f6r Jeff Landry till s\u00e4rskilt s\u00e4ndebud f\u00f6r Gr\u00f6nland.<\/p>\n<p>Landry siktar p\u00e5 att g\u00f6ra \u00f6n till \u201den del av USA\u201d.<\/p>\n<p>N\u00e5gonting som f\u00e5r Danmarks utrikesminister att ryta ifr\u00e5n \u2013 och Danmark att kalla upp USA:s ambassad\u00f6r.\u00a0<\/p>\n<p><img   alt=\"\"\/><\/p>\n<p>Nuuk p\u00e5 Gr\u00f6nland.<\/p>\n<p>Foto: Johan Nilsson \/ TT \/ TT NYHETSBYR\u00c5N<\/p>\n<p>\u00d6ppna bild i helsk\u00e4rm<img loading=\"lazy\"   alt=\"\"\/><\/p>\n<p>Louisianas guvern\u00f6r Jeff Landry.<\/p>\n<p>Foto: Gerald Herbert \/ TT NYHETSBYR\u00c5N<\/p>\n<p>\u00d6ppna bild i helsk\u00e4rm<img loading=\"lazy\"   alt=\"\"\/><\/p>\n<p>Danmarks utrikesminister Lars L\u00f8kke Rasmussen.<\/p>\n<p>Foto: OLIVIER HOSLET \/ EPA<\/p>\n<p>\u00d6ppna bild i helsk\u00e4rm<img loading=\"lazy\"   alt=\"\"\/> <\/p>\n<p>Foto: Johan Nilsson \/ TT \/ TT NYHETSBYR\u00c5N<\/p>\n<p>\u00d6ppna bild i helsk\u00e4rm<img loading=\"lazy\"   alt=\"\"\/> <\/p>\n<p>Foto: SVEN LINDWALL<\/p>\n<p>\u00d6ppna bild i helsk\u00e4rm<img loading=\"lazy\"   alt=\"\"\/> <\/p>\n<p>Foto: WILL OLIVER &#8211; POOL VIA CNP \/ CNP \/ POLARIS POLARIS IMAGES<\/p>\n<p>\u00d6ppna bild i helsk\u00e4rm<\/p>\n<p>USA:s president meddelar nyheten p\u00e5 <a href=\"https:\/\/truthsocial.com\/@realDonaldTrump\/posts\/115760829286615399\" rel=\"nofollow noopener\" target=\"_blank\">Truth social <\/a>och gratulerar Louisianas guvern\u00f6r till rollen.\u00a0<\/p>\n<p>Ett s\u00e4rskilt s\u00e4ndebud hanterar specifika diplomatiska fr\u00e5gor ut\u00f6ver det vanliga arbetet.<\/p>\n<p>\u201dJeff f\u00f6rst\u00e5r hur avg\u00f6rande Gr\u00f6nland \u00e4r f\u00f6r v\u00e5r nationella s\u00e4kerhet och kommer att kraftfullt fr\u00e4mja v\u00e5rt lands intressen f\u00f6r v\u00e5ra allierades s\u00e4kerhet, trygghet och \u00f6verlevnad \u2013 och faktiskt hela v\u00e4rlden\u201d, skriver Trump.\u00a0<\/p>\n<p>Under sin presidentperiod har Trump utsett flera s\u00e4rskilda s\u00e4ndebud, bland annat Keith Kellogg f\u00f6r Ukraina och Ryssland samt Steve Witkoff f\u00f6r Mellan\u00f6stern.<\/p>\n<p><img loading=\"lazy\"   alt=\"\"\/><\/p>\n<p>Donald Trump inf\u00f6r ett s\u00e4rskilt s\u00e4ndebud med ansvar f\u00f6r fr\u00e5gor som r\u00f6r Gr\u00f6nland.<\/p>\n<p>Foto: ALEX BRANDON \/ AP TT NYHETSBYR\u00c5N<\/p>\n<p>\u00d6ppna bild i helsk\u00e4rmSvaret: \u201dDel av USA\u201d<\/p>\n<p>Landry skriver p\u00e5 <a href=\"https:\/\/x.com\/LAGovJeffLandry\/status\/2002950029494124986\" rel=\"nofollow\">X<\/a> att det nya uppdraget inte p\u00e5verkar hans position som guvern\u00f6r i Louisiana och tackar Trump.\u00a0<\/p>\n<p>\u201dDet \u00e4r en \u00e4ra att f\u00e5 tj\u00e4na dig i denna volont\u00e4rroll f\u00f6r att g\u00f6ra Gr\u00f6nland till en del av USA\u201d.<\/p>\n<p>Gr\u00f6nland ryter ifr\u00e5n<\/p>\n<p>Efter Trumps utspel har danska regeringen ilsknat och utrikesminister Lars L\u00f8kke Rasmussen (M) s\u00e4ger att USA m\u00e5ste visa respekt f\u00f6r att <a href=\"https:\/\/www.expressen.se\/tagg\/location\/gronland\/\" class=\"\" rel=\"nofollow noopener\" target=\"_blank\">Gr\u00f6nland<\/a>, som \u00e4r en autonom del av Danmark, best\u00e4mmer sin egen framtid.<\/p>\n<p>\u201dUtn\u00e4mningen bekr\u00e4ftar att det amerikanska intresset f\u00f6r Gr\u00f6nland kvarst\u00e5r. Vi \u00e4r dock fast beslutna att alla \u2013 inklusive USA \u2013 m\u00e5ste visa respekt f\u00f6r kungarikets territoriella integritet\u201d, s\u00e4ger L\u00f8kke i en skriftlig kommentar till danska <a href=\"https:\/\/nyheder.tv2.dk\/live\/2025-01-06-kampen-om-groenlands-fremtid\" rel=\"nofollow noopener\" target=\"_blank\">TV 2.<\/a><\/p>\n<p>Danmark kommer nu att kalla upp USA:s ambassad\u00f6r Ken Howery till samtal.<\/p>\n<p><img loading=\"lazy\"   alt=\"\"\/><\/p>\n<p>Danmarks utrikesminister Lars L\u00f8kke Rasmussen.<\/p>\n<p>Foto: KRISTIAN TUXEN LADEGAARD BERG\/SH \/ SHUTTERSTOCK EDITORIAL\/IBL<\/p>\n<p>\u00d6ppna bild i helsk\u00e4rm<\/p>\n<p>Sveriges utrikesminister Maria Malmer Stenergard (M) har reagerat och skriver i ett inl\u00e4gg p\u00e5 <a href=\"https:\/\/x.com\/MariaStenergard\/status\/2003057624099573946\" rel=\"nofollow\">X<\/a><a href=\"https:\/\/x.com\/MariaStenergard\/status\/2003057624099573946\" rel=\"nofollow\"> <\/a>att Danmark och Gr\u00f6nland best\u00e4mmer i fr\u00e5gor som r\u00f6r dem sj\u00e4lva.\u00a0<\/p>\n<p>\u201dSverige st\u00e5r helhj\u00e4rtat bakom v\u00e5rt grannland i dessa fr\u00e5gor och kommer alltid att st\u00e5 upp f\u00f6r folkr\u00e4tten. Skyldigheten att respektera staters suver\u00e4nitet och territoriella integritet \u00e4r grundl\u00e4ggande principer inom folkr\u00e4tten.\u201d<\/p>\n<p><img loading=\"lazy\"   alt=\"\"\/><\/p>\n<p>Sveriges utrikesminister Maria Malmer Stenergard (M) reagerar p\u00e5 Trumps utspel i ett inl\u00e4gg p\u00e5 X.<\/p>\n<p>Foto: X<\/p>\n<p>\u00d6ppna bild i helsk\u00e4rmVill ha Gr\u00f6nland<\/p>\n<p>Trump har upprepade g\u00e5nger sagt att han vill att USA tar kontroll \u00f6ver Gr\u00f6nland, som han ser som strategiskt viktigt f\u00f6r amerikansk s\u00e4kerhet och n\u00e4rvaro i Arktis, bland annat med tanke p\u00e5 Rysslands \u00f6kade aktivitet. Gr\u00f6nlands och Danmarks ledare har avvisat USA:s ambitioner och sagt att Gr\u00f6nland inte \u00e4r till salu.<\/p>\n<p>Gr\u00f6nland \u00e4r till stor del sj\u00e4lvstyrande, men formellt en del av Danmark. I december listade Danmark f\u00f6r f\u00f6rsta g\u00e5ngen USA som en negativ del av hotbilden mot landet, enligt <a href=\"https:\/\/www.dagbladet.no\/nyheter\/trump-tar-gronland-grep-utnevner-spesialutsending\/84018225\" rel=\"nofollow noopener\" target=\"_blank\">Dagbladet<\/a>.<\/p>\n<p>USA:s ambassad\u00f6r i Danmark m\u00f6tte Gr\u00f6nlands utrikesminister och danska regeringsrepresentanter i december. Efter\u00e5t betonade Gr\u00f6nland och USA sitt engagemang f\u00f6r en stark relation. I ett gemensamt uttalande sa de: \u201dUSA och Gr\u00f6nland ser fram emot att st\u00e4rka banden f\u00f6r en s\u00e4ker och v\u00e4lm\u00e5ende arktisk region.\u201d<\/p>\n<p><img loading=\"lazy\"   alt=\"\"\/><\/p>\n<p>I mars protesterade runt tusen gr\u00f6nl\u00e4ndare mot Trumps uttalanden om deras lands suver\u00e4nitet.<\/p>\n<p>Foto: AA \/ STELLA PICTURES\/ABACA<\/p>\n<p>\u00d6ppna bild i helsk\u00e4rm<img alt=\"\"\/>Ljudklippet gick inte att spela upp<\/p>\n<p>F\u00f6rs\u00f6k igen senare<\/p>\n","protected":false},"excerpt":{"rendered":"Publicerad 22 dec 2025 kl 06.54Uppdaterad kl 15.53 Donald Trump utser Louisianas guvern\u00f6r Jeff Landry till s\u00e4rskilt s\u00e4ndebud&hellip;\n","protected":false},"author":2,"featured_media":114186,"comment_status":"","ping_status":"","sticky":false,"template":"","format":"standard","meta":{"footnotes":""},"categories":[5],"tags":[22,23,26,27,17,21,24,25,2034,45,28,29,15,16,198,18,34,55,31,33,32,30,19,204,20],"class_list":{"0":"post-114185","1":"post","2":"type-post","3":"status-publish","4":"format-standard","5":"has-post-thumbnail","7":"category-rubriker","8":"tag-breaking-news","9":"tag-breakingnews","10":"tag-featured-news","11":"tag-featurednews","12":"tag-headlines","13":"tag-huvudnyheter","14":"tag-latest-news","15":"tag-latestnews","16":"tag-location-gronland","17":"tag-location-usa","18":"tag-main-news","19":"tag-mainnews","20":"tag-news","21":"tag-nyheter","22":"tag-person-donald-trump","23":"tag-rubriker","24":"tag-se","25":"tag-sections-varlden","26":"tag-svenska","27":"tag-sverige","28":"tag-sweden","29":"tag-swedish","30":"tag-top-stories","31":"tag-topic-amerikansk-politik","32":"tag-topstories"},"share_on_mastodon":{"url":"https:\/\/pubeurope.com\/@se\/115764634841588386","error":""},"_links":{"self":[{"href":"https:\/\/www.europesays.com\/se\/wp-json\/wp\/v2\/posts\/114185","targetHints":{"allow":["GET"]}}],"collection":[{"href":"https:\/\/www.europesays.com\/se\/wp-json\/wp\/v2\/posts"}],"about":[{"href":"https:\/\/www.europesays.com\/se\/wp-json\/wp\/v2\/types\/post"}],"author":[{"embeddable":true,"href":"https:\/\/www.europesays.com\/se\/wp-json\/wp\/v2\/users\/2"}],"replies":[{"embeddable":true,"href":"https:\/\/www.europesays.com\/se\/wp-json\/wp\/v2\/comments?post=114185"}],"version-history":[{"count":0,"href":"https:\/\/www.europesays.com\/se\/wp-json\/wp\/v2\/posts\/114185\/revisions"}],"wp:featuredmedia":[{"embeddable":true,"href":"https:\/\/www.europesays.com\/se\/wp-json\/wp\/v2\/media\/114186"}],"wp:attachment":[{"href":"https:\/\/www.europesays.com\/se\/wp-json\/wp\/v2\/media?parent=114185"}],"wp:term":[{"taxonomy":"category","embeddable":true,"href":"https:\/\/www.europesays.com\/se\/wp-json\/wp\/v2\/categories?post=114185"},{"taxonomy":"post_tag","embeddable":true,"href":"https:\/\/www.europesays.com\/se\/wp-json\/wp\/v2\/tags?post=114185"}],"curies":[{"name":"wp","href":"https:\/\/api.w.org\/{rel}","templated":true}]}}