{"id":114194,"date":"2025-12-22T18:35:30","date_gmt":"2025-12-22T18:35:30","guid":{"rendered":"https:\/\/www.europesays.com\/se\/114194\/"},"modified":"2025-12-22T18:35:30","modified_gmt":"2025-12-22T18:35:30","slug":"spotify-hackat-86-miljoner-ljudfiler-stulna","status":"publish","type":"post","link":"https:\/\/www.europesays.com\/se\/114194\/","title":{"rendered":"Spotify hackat \u2013 86 miljoner ljudfiler stulna"},"content":{"rendered":"<p>Publicerad 22 dec 2025 kl 14.53Uppdaterad kl 16.07<\/p>\n<p>En pirataktivistgrupp har gjort intr\u00e5ng hos Spotify, rapporterar <a href=\"https:\/\/www.billboard.com\/business\/streaming\/spotify-music-library-leak-1236143970\/\" rel=\"nofollow noopener\" target=\"_blank\">Billboard<\/a>.<\/p>\n<p><img   alt=\"\"\/><\/p>\n<p>Spotify.<\/p>\n<p>Foto: ALAMY\/STELLA PICTURES<\/p>\n<p>\u00d6ppna bild i helsk\u00e4rm<\/p>\n<p>En grupp som kallar sig Anna\u2019s Archive uppger att den har samlat in och gjort delar av Spotifys musikbibliotek tillg\u00e4ngliga via fildelningsn\u00e4tverk. Uppgifterna har rapporterats av <a href=\"https:\/\/www.expressen.se\/tagg\/organization\/billboard\/\" class=\"\" rel=\"nofollow noopener\" target=\"_blank\">Billboard<\/a> och flera teknikmedier.<\/p>\n<p>Enligt gruppen handlar det om omkring 86 miljoner ljudfiler som samlats in genom s\u00e5 kallad skrapning. Gruppen s\u00e4ger att syftet \u00e4r att \u201dbevara m\u00e4nsklighetens kunskap och kultur\u201d.\u00a0<\/p>\n<p>Materialet ska enligt uppgifterna ha publicerats utanf\u00f6r Spotifys plattform.<\/p>\n<p>Spotify har bekr\u00e4ftat att man utreder h\u00e4ndelsen. F\u00f6retaget uppger att en extern akt\u00f6r samlat in offentlig metadata och anv\u00e4nt otill\u00e5tna metoder f\u00f6r att f\u00e5 tillg\u00e5ng till vissa ljudfiler, men att det inte r\u00f6r sig om ett intr\u00e5ng i Spotifys interna system.<\/p>\n<p>Omfattningen av spridningen \u00e4r \u00e4nnu oklar, Spotify utreder h\u00e4ndelsen.<\/p>\n<p><img alt=\"\"\/>Ljudklippet gick inte att spela upp<\/p>\n<p>F\u00f6rs\u00f6k igen senare<\/p>\n","protected":false},"excerpt":{"rendered":"Publicerad 22 dec 2025 kl 14.53Uppdaterad kl 16.07 En pirataktivistgrupp har gjort intr\u00e5ng hos Spotify, rapporterar Billboard. Spotify.&hellip;\n","protected":false},"author":2,"featured_media":114195,"comment_status":"","ping_status":"","sticky":false,"template":"","format":"standard","meta":{"footnotes":""},"categories":[5],"tags":[22,23,26,27,17,21,24,25,28,29,15,16,12440,1550,18,34,775,31,33,32,30,19,20],"class_list":{"0":"post-114194","1":"post","2":"type-post","3":"status-publish","4":"format-standard","5":"has-post-thumbnail","7":"category-rubriker","8":"tag-breaking-news","9":"tag-breakingnews","10":"tag-featured-news","11":"tag-featurednews","12":"tag-headlines","13":"tag-huvudnyheter","14":"tag-latest-news","15":"tag-latestnews","16":"tag-main-news","17":"tag-mainnews","18":"tag-news","19":"tag-nyheter","20":"tag-organization-billboard","21":"tag-organization-spotify","22":"tag-rubriker","23":"tag-se","24":"tag-sections-musik","25":"tag-svenska","26":"tag-sverige","27":"tag-sweden","28":"tag-swedish","29":"tag-top-stories","30":"tag-topstories"},"share_on_mastodon":{"url":"https:\/\/pubeurope.com\/@se\/115764666268330041","error":""},"_links":{"self":[{"href":"https:\/\/www.europesays.com\/se\/wp-json\/wp\/v2\/posts\/114194","targetHints":{"allow":["GET"]}}],"collection":[{"href":"https:\/\/www.europesays.com\/se\/wp-json\/wp\/v2\/posts"}],"about":[{"href":"https:\/\/www.europesays.com\/se\/wp-json\/wp\/v2\/types\/post"}],"author":[{"embeddable":true,"href":"https:\/\/www.europesays.com\/se\/wp-json\/wp\/v2\/users\/2"}],"replies":[{"embeddable":true,"href":"https:\/\/www.europesays.com\/se\/wp-json\/wp\/v2\/comments?post=114194"}],"version-history":[{"count":0,"href":"https:\/\/www.europesays.com\/se\/wp-json\/wp\/v2\/posts\/114194\/revisions"}],"wp:featuredmedia":[{"embeddable":true,"href":"https:\/\/www.europesays.com\/se\/wp-json\/wp\/v2\/media\/114195"}],"wp:attachment":[{"href":"https:\/\/www.europesays.com\/se\/wp-json\/wp\/v2\/media?parent=114194"}],"wp:term":[{"taxonomy":"category","embeddable":true,"href":"https:\/\/www.europesays.com\/se\/wp-json\/wp\/v2\/categories?post=114194"},{"taxonomy":"post_tag","embeddable":true,"href":"https:\/\/www.europesays.com\/se\/wp-json\/wp\/v2\/tags?post=114194"}],"curies":[{"name":"wp","href":"https:\/\/api.w.org\/{rel}","templated":true}]}}