{"id":114203,"date":"2025-12-22T18:45:56","date_gmt":"2025-12-22T18:45:56","guid":{"rendered":"https:\/\/www.europesays.com\/se\/114203\/"},"modified":"2025-12-22T18:45:56","modified_gmt":"2025-12-22T18:45:56","slug":"ny-matning-akesson-narmar-sig-andersson","status":"publish","type":"post","link":"https:\/\/www.europesays.com\/se\/114203\/","title":{"rendered":"Ny m\u00e4tning: \u00c5kesson n\u00e4rmar sig Andersson"},"content":{"rendered":"<p><a class=\"wing-tag\" href=\"https:\/\/www.expressen.se\/om\/val-2026\/\" rel=\"nofollow noopener\" target=\"_blank\">Val 2026<\/a><\/p>\n<p>Publicerad 22 dec 2025 kl 08.37Uppdaterad kl 10.27<\/p>\n<p>F\u00f6rtroendet f\u00f6r Jimmie \u00c5kesson sl\u00e5r rekord \u2013 och han n\u00e4rmar sig Magdalena Andersson i toppen.<\/p>\n<p>Det visar den senaste<a href=\"https:\/\/www.svd.se\/\" rel=\"nofollow noopener\" target=\"_blank\"> SvD\/Demoskop-m\u00e4tningen<\/a>.<\/p>\n<p><img   alt=\"\"\/><\/p>\n<p>F\u00f6rtroendet f\u00f6r Jimmie \u00c5kesson sl\u00e5r rekord.<\/p>\n<p>Foto: SVEN LINDWALL<\/p>\n<p>\u00d6ppna bild i helsk\u00e4rm<img loading=\"lazy\"   alt=\"\"\/><\/p>\n<p>Magdalena Andersson toppar fortfarande.<\/p>\n<p>Foto: Jessica Gow\/TT \/ TT NYHETSBYR\u00c5N<\/p>\n<p>\u00d6ppna bild i helsk\u00e4rm<\/p>\n<p>Enligt m\u00e4tningen f\u00f6r december uppger 42 procent av de tillfr\u00e5gade att de har stort f\u00f6rtroende f\u00f6r \u00c5kesson. Det \u00e4r hans h\u00f6gsta notering hittills i Demoskops m\u00e4tningar om f\u00f6rtroende f\u00f6r partiledarna, som g\u00f6rs p\u00e5 uppdrag av Svenska Dagbladet. \u00a0<\/p>\n<p>Samtidigt anger 45 procent att de har h\u00f6gt f\u00f6rtroende f\u00f6r Andersson, vilket inneb\u00e4r att skillnaden mellan de b\u00e5da partiledarna nu \u00e4r endast tre procentenheter \u2013 den minsta sedan Andersson tilltr\u00e4dde som S-ledare i november 2021.\u00a0<\/p>\n<p>I augusti 2025 var gapet fortfarande nio procentenheter.\u00a0<\/p>\n<p>\u2013 Det \u00e4r faktiskt sp\u00e4nnande, det har ju verkligen h\u00e4nt n\u00e5gonting. Han ses som en mer normal politisk karakt\u00e4r, men det \u00e4r inte helt nytt utan det har han gjort ganska l\u00e4nge, s\u00e4ger Johan Martinsson, opinionschef p\u00e5 Demoskop.<\/p>\n<p>Partiledarf\u00f6rtroende december<\/p>\n<p>Novembers siffror inom parantes.\u00a0<\/p>\n<p>V\u00e4ljare som uppges ha ganska mycket ett stort f\u00f6rtroende f\u00f6r:\u00a0<\/p>\n<p>Magdalena Andersson (S): 45% (45%)<\/p>\n<p>Jimmie \u00c5kesson (SD): 42% (41%)<\/p>\n<p>Ulf Kristersson (M): 38 % (39%)<\/p>\n<p>Ebba Busch (KD): 38% (36%)<\/p>\n<p>Amanda Lind (MP): 24% (21%)<\/p>\n<p>Nooshi Dadgostar (V): 18% (19%)<\/p>\n<p>Daniel Helld\u00e9n (MP): 14% (13%)<\/p>\n<p>Elisabeth Thand Ringqvist (C): 10% (\u2013)<\/p>\n<p>Simona Mohamsson (L): 6% (6%)<\/p>\n<p>K\u00e4lla: SvD\/Demoskop<\/p>\n<p>Visa merC-ledaren \u2013 ingen braksucc\u00e9<\/p>\n<p>Efter \u00c5kesson kommer Moderatledaren Ulf Kristersson och KD-ledaren Ebba Busch, som b\u00e5da f\u00e5r resultatet 38 procent i ganska eller mycket stort f\u00f6rtroende \u2013 en minskning med en procent f\u00f6r Kristersson och \u00f6kning med tv\u00e5 procent f\u00f6r Busch sedan f\u00f6rra m\u00e4tningen.\u00a0<\/p>\n<p>Mellan MP-ledarna syns en tydlig skillnad, d\u00e4r 24 procent uppger f\u00f6rtroende f\u00f6r Amanda Lind medan siffran ligger p\u00e5 14 procent f\u00f6r Daniel Helld\u00e9n. Mellan dem ligger Nooshi Dadgostar (V) p\u00e5 18 procent.\u00a0<\/p>\n<p>Centerledaren Elisabeth Thand Ringqvist g\u00f6r sitt f\u00f6rsta resultat i m\u00e4tningen med 10 procent i f\u00f6rtroende, i niv\u00e5 med vad nya partiledare brukar prestera.\u00a0<\/p>\n<p>Liberalerna fortsatt k\u00e4mpa \u2013 d\u00e4r partiledaren Simona Mohamsson endast n\u00e5r 6 procent i f\u00f6rtroende, samtidigt som andelen v\u00e4ljare som har l\u00e5gt f\u00f6rtroende f\u00f6r henne stigit kraftigt.<\/p>\n<p>Om f\u00f6rtroendem\u00e4tningen<\/p>\n<p>F\u00f6rtroendefr\u00e5gan m\u00e4ter v\u00e4ljarnas tilltro till partiledarnas f\u00f6rm\u00e5ga att g\u00f6ra ett bra jobb som politiker, och SvD\/Demoskops unders\u00f6kning bygger p\u00e5 intervjuer med 2 162 personer under november och december 2025.<\/p>\n<p>Visa mer<\/p>\n","protected":false},"excerpt":{"rendered":"Val 2026 Publicerad 22 dec 2025 kl 08.37Uppdaterad kl 10.27 F\u00f6rtroendet f\u00f6r Jimmie \u00c5kesson sl\u00e5r rekord \u2013 och&hellip;\n","protected":false},"author":2,"featured_media":114204,"comment_status":"","ping_status":"","sticky":false,"template":"","format":"standard","meta":{"footnotes":""},"categories":[5],"tags":[22,23,26,27,17,21,24,25,28,29,15,3464,16,944,1207,18,34,583,31,33,32,30,19,486,20],"class_list":{"0":"post-114203","1":"post","2":"type-post","3":"status-publish","4":"format-standard","5":"has-post-thumbnail","7":"category-rubriker","8":"tag-breaking-news","9":"tag-breakingnews","10":"tag-featured-news","11":"tag-featurednews","12":"tag-headlines","13":"tag-huvudnyheter","14":"tag-latest-news","15":"tag-latestnews","16":"tag-main-news","17":"tag-mainnews","18":"tag-news","19":"tag-newsstory-val-2026","20":"tag-nyheter","21":"tag-person-jimmie-akesson","22":"tag-person-magdalena-andersson","23":"tag-rubriker","24":"tag-se","25":"tag-sections-politik","26":"tag-svenska","27":"tag-sverige","28":"tag-sweden","29":"tag-swedish","30":"tag-top-stories","31":"tag-topic-opinionsmatningar","32":"tag-topstories"},"share_on_mastodon":{"url":"https:\/\/pubeurope.com\/@se\/115764709490731731","error":""},"_links":{"self":[{"href":"https:\/\/www.europesays.com\/se\/wp-json\/wp\/v2\/posts\/114203","targetHints":{"allow":["GET"]}}],"collection":[{"href":"https:\/\/www.europesays.com\/se\/wp-json\/wp\/v2\/posts"}],"about":[{"href":"https:\/\/www.europesays.com\/se\/wp-json\/wp\/v2\/types\/post"}],"author":[{"embeddable":true,"href":"https:\/\/www.europesays.com\/se\/wp-json\/wp\/v2\/users\/2"}],"replies":[{"embeddable":true,"href":"https:\/\/www.europesays.com\/se\/wp-json\/wp\/v2\/comments?post=114203"}],"version-history":[{"count":0,"href":"https:\/\/www.europesays.com\/se\/wp-json\/wp\/v2\/posts\/114203\/revisions"}],"wp:featuredmedia":[{"embeddable":true,"href":"https:\/\/www.europesays.com\/se\/wp-json\/wp\/v2\/media\/114204"}],"wp:attachment":[{"href":"https:\/\/www.europesays.com\/se\/wp-json\/wp\/v2\/media?parent=114203"}],"wp:term":[{"taxonomy":"category","embeddable":true,"href":"https:\/\/www.europesays.com\/se\/wp-json\/wp\/v2\/categories?post=114203"},{"taxonomy":"post_tag","embeddable":true,"href":"https:\/\/www.europesays.com\/se\/wp-json\/wp\/v2\/tags?post=114203"}],"curies":[{"name":"wp","href":"https:\/\/api.w.org\/{rel}","templated":true}]}}