{"id":11421,"date":"2025-08-22T21:37:08","date_gmt":"2025-08-22T21:37:08","guid":{"rendered":"https:\/\/www.europesays.com\/se\/11421\/"},"modified":"2025-08-22T21:37:08","modified_gmt":"2025-08-22T21:37:08","slug":"marius-begick-misstankt-valdtakt-pa-privat-resa-med-haakon","status":"publish","type":"post","link":"https:\/\/www.europesays.com\/se\/11421\/","title":{"rendered":"Marius begick misst\u00e4nkt v\u00e5ldt\u00e4kt p\u00e5 privat resa med Haakon"},"content":{"rendered":"<p>Marius Borg H\u00f8iby misst\u00e4nks f\u00f6r fyra v\u00e5ldt\u00e4kter.<\/p>\n<p>En av dem ska ha skett under en grabbresa tillsammans med kronprins Haakon.<\/p>\n<p>Marius och kronprinsen h\u00e4ngde i en bar i Lofoten \u2013 timmar innan det misst\u00e4nkta \u00f6vergreppet.<\/p>\n<p>Det h\u00e4r har h\u00e4nt.<img   alt=\"\"\/><\/p>\n<p>Marius Borg H\u00f8iby och kronprins Haakon fotograferade vid ett annat tillf\u00e4lle.<\/p>\n<p>Foto: STELLA PICTURES\/DDP IMAGES<\/p>\n<p>\u00d6ppna bild i helsk\u00e4rm<\/p>\n<p>Kronprinsessan Mette-Marits \u00e4ldsta son, <a href=\"https:\/\/www.expressen.se\/tagg\/person\/marius-borg-hoiby\/\" class=\"\" rel=\"nofollow noopener\" target=\"_blank\">Marius Borg H\u00f8iby<\/a> misst\u00e4nkts f\u00f6r totalt 32 brott, inklusive fyra fall av v\u00e5ldt\u00e4kt.<\/p>\n<p>En av dessa ska ha skett under en privat far-och-son-resa till Lofoten med kronprins Haakon i oktober 2023, rapporterar norska medier.<\/p>\n<p>Den aktuella kv\u00e4llen spenderade Marius Borg H\u00f8iby och bonuspappa kronprins Haakon p\u00e5 ett skidfilmsevent i en hotellbar i den lilla orten Henningsv\u00e6r i Lofoten, d\u00e4r de f\u00e5ngades p\u00e5 bild av lokaltidningen <a href=\"https:\/\/www.lofotposten.no\/tiltalt-for-voldtekt-i-lofoten-her-er-borg-hoiby-sammen-med-kronprinsen-i-henningsvar-samme-kveld\/s\/5-29-1220606\" rel=\"nofollow noopener\" target=\"_blank\">Lofotposten<\/a>.<\/p>\n<p><img loading=\"lazy\"   alt=\"\"\/><\/p>\n<p>Bildbeviset i norska tidningen Dagbladet. Bara timmar innan Marius misst\u00e4nks ha v\u00e5ldtagit en kvinna h\u00e4ngde han med kronprins Haakon i en bar.<\/p>\n<p>Foto: Dagbladet \/ Dagbladet<\/p>\n<p>\u00d6ppna bild i helsk\u00e4rm<\/p>\n<p>P\u00e5 bilden, enligt tidningen tagen klockan 22.34, syns Marius och kronprins Haakon sitta i var sin sin stol framf\u00f6r en storsk\u00e4rm.<\/p>\n<p>De sitter avslappnat bak\u00e5tlutade, och Haakon h\u00f6jer ett glas till munnen.<\/p>\n<p>N\u00e4r Lofotpostens reporter n\u00e4rmade sig kronprinsen avb\u00f6jde denne intervju med anledning av \u201datt det \u00e4r en privat resa\u201d.<\/p>\n<p>Misst\u00e4nkt v\u00e5ldt\u00e4kt av sovande kvinna<\/p>\n<p>Enligt \u00e5talet sker den misst\u00e4nkta v\u00e5ldt\u00e4kten n\u00e5gra timmar senare, bara n\u00e5gra hundra meter fr\u00e5n baren d\u00e4r Marius och kronprins Haakon spenderat kv\u00e4llen.<\/p>\n<p>\u2013 Den utsatta kvinnan \u00e4r i 25-\u00e5rs\u00e5ldern. Hon tr\u00e4ffade H\u00f8iby den aktuella kv\u00e4llen, d\u00e4r de f\u00f6rst hade samlag med samtycke, sa \u00e5klagare Sturla Henriksb\u00f8 om den misst\u00e4nkta v\u00e5ldt\u00e4kten under m\u00e5ndagens presskonferens.<\/p>\n<p>Enligt \u00e5talet utsattes kvinnan f\u00f6r en fullbordad v\u00e5ldt\u00e4kt natten till s\u00f6ndagen den 8 oktober \u00e5r 2023, d\u00e5 hon \u201dinte kunde protestera mot handlingen p\u00e5 grund av s\u00f6mn och\/eller berusning\u201d.<\/p>\n<p>Marius Borg H\u00f8iby anklagas ocks\u00e5 f\u00f6r att ha filmat kvinnans nakna underliv utan hennes vetskap eller till\u00e5telse.<\/p>\n<p><img alt=\"\"\/>Ljudklippet gick inte att spela upp<\/p>\n<p>F\u00f6rs\u00f6k igen senare<\/p>\n<p><strong>L\u00c4S MER: <\/strong><a href=\"https:\/\/www.expressen.se\/nyheter\/varlden\/marius-offer-bryter-tystnaden-jobbigt\/\" class=\"\" rel=\"nofollow noopener\" target=\"_blank\">Marius offer bryter tystnaden: \u201dJobbigt\u201d<\/a><strong>L\u00c4S MER: <\/strong><a href=\"https:\/\/www.expressen.se\/nyheter\/kungligt\/just-nu-marius-atalas\/\" class=\"\" rel=\"nofollow noopener\" target=\"_blank\">Marius Borg H\u00f8iby \u00e5talas f\u00f6r flera v\u00e5ldt\u00e4kter<\/a><strong>L\u00c4S MER: <\/strong><a href=\"https:\/\/www.expressen.se\/nyheter\/kungligt\/kronprins-haakon-uttalar-sig-om-atalet-mot-marius\/\" class=\"\" rel=\"nofollow noopener\" target=\"_blank\">Kronprins Haakon uttalar sig om \u00e5talet mot Marius<\/a><strong>L\u00c4S MER: <\/strong><a href=\"https:\/\/www.expressen.se\/nyheter\/kungligt\/marius-borg-hoiby-fick-20-000-till-hyran-kopte-knark-for-pengarna\/\" class=\"\" rel=\"nofollow noopener\" target=\"_blank\">Marius Borg H\u00f8iby fick 20 000 till hyran \u2013 k\u00f6pte knark f\u00f6r pengarna<\/a><\/p>\n","protected":false},"excerpt":{"rendered":"Marius Borg H\u00f8iby misst\u00e4nks f\u00f6r fyra v\u00e5ldt\u00e4kter. En av dem ska ha skett under en grabbresa tillsammans med&hellip;\n","protected":false},"author":2,"featured_media":11422,"comment_status":"","ping_status":"","sticky":false,"template":"","format":"standard","meta":{"footnotes":""},"categories":[14],"tags":[22,23,26,27,1284,17,21,24,25,254,28,29,15,1214,16,1211,1213,18,34,612,31,33,32,30,19,20,51,52,53,54],"class_list":{"0":"post-11421","1":"post","2":"type-post","3":"status-publish","4":"format-standard","5":"has-post-thumbnail","7":"category-varlden","8":"tag-breaking-news","9":"tag-breakingnews","10":"tag-featured-news","11":"tag-featurednews","12":"tag-function-nyhetslag-3","13":"tag-headlines","14":"tag-huvudnyheter","15":"tag-latest-news","16":"tag-latestnews","17":"tag-location-norge","18":"tag-main-news","19":"tag-mainnews","20":"tag-news","21":"tag-newsstory-skandalen-kring-mette-marits-son-marius","22":"tag-nyheter","23":"tag-person-marius-borg-hoiby","24":"tag-person-prins-haakon","25":"tag-rubriker","26":"tag-se","27":"tag-sections-kungligt","28":"tag-svenska","29":"tag-sverige","30":"tag-sweden","31":"tag-swedish","32":"tag-top-stories","33":"tag-topstories","34":"tag-varlden","35":"tag-world","36":"tag-world-news","37":"tag-worldnews"},"share_on_mastodon":{"url":"","error":""},"_links":{"self":[{"href":"https:\/\/www.europesays.com\/se\/wp-json\/wp\/v2\/posts\/11421","targetHints":{"allow":["GET"]}}],"collection":[{"href":"https:\/\/www.europesays.com\/se\/wp-json\/wp\/v2\/posts"}],"about":[{"href":"https:\/\/www.europesays.com\/se\/wp-json\/wp\/v2\/types\/post"}],"author":[{"embeddable":true,"href":"https:\/\/www.europesays.com\/se\/wp-json\/wp\/v2\/users\/2"}],"replies":[{"embeddable":true,"href":"https:\/\/www.europesays.com\/se\/wp-json\/wp\/v2\/comments?post=11421"}],"version-history":[{"count":0,"href":"https:\/\/www.europesays.com\/se\/wp-json\/wp\/v2\/posts\/11421\/revisions"}],"wp:featuredmedia":[{"embeddable":true,"href":"https:\/\/www.europesays.com\/se\/wp-json\/wp\/v2\/media\/11422"}],"wp:attachment":[{"href":"https:\/\/www.europesays.com\/se\/wp-json\/wp\/v2\/media?parent=11421"}],"wp:term":[{"taxonomy":"category","embeddable":true,"href":"https:\/\/www.europesays.com\/se\/wp-json\/wp\/v2\/categories?post=11421"},{"taxonomy":"post_tag","embeddable":true,"href":"https:\/\/www.europesays.com\/se\/wp-json\/wp\/v2\/tags?post=11421"}],"curies":[{"name":"wp","href":"https:\/\/api.w.org\/{rel}","templated":true}]}}