{"id":114211,"date":"2025-12-22T18:53:18","date_gmt":"2025-12-22T18:53:18","guid":{"rendered":"https:\/\/www.europesays.com\/se\/114211\/"},"modified":"2025-12-22T18:53:18","modified_gmt":"2025-12-22T18:53:18","slug":"historisk-marsch-till-bryssel-lantbrukarnas-riksforbund","status":"publish","type":"post","link":"https:\/\/www.europesays.com\/se\/114211\/","title":{"rendered":"Historisk marsch till Bryssel &#8211; Lantbrukarnas Riksf\u00f6rbund"},"content":{"rendered":"<p class=\"preamble large\">Det blev n\u00e5gra riktigt hektiska dygn efter att beslutet fattats om att lantbrukare fr\u00e5n Sverige skulle \u00e5ka ner till EU-kommissionen i Bryssel. En traktor gick hela v\u00e4gen fr\u00e5n Mantorp i \u00d6sterg\u00f6tland och m\u00f6tte n\u00e4rmare 10 000 b\u00f6nder p\u00e5 plats. Och det gav resultat, ett m\u00f6te med EUs h\u00f6gsta ledning.<\/p>\n<p>Sveriges b\u00f6nder \u00e4r redo att producera mer livsmedel, energi och bidra till biologisk m\u00e5ngfald. Men f\u00f6r att det ska bli m\u00f6jligt kr\u00e4vs att politiken i Sverige och i EU agerar. En \u00f6kad regelb\u00f6rda och ett minskat jordbruksst\u00f6d f\u00e5r konsekvenser \u00e4ven f\u00f6r konsumenten.<\/p>\n<p>\u2013 Vi \u00e4r med och skriver historia. Det har aldrig tidigare h\u00e4nt att vi fr\u00e5n LRF gjort n\u00e5got liknande. Inte heller att europeiska bonder\u00f6relsen Copa Cogecas agerat p\u00e5 detta s\u00e4tt, samlats i Bryssel med gemensamt budskap, sa Fredrik Andersson fr\u00e5n LRFs f\u00f6rbundsstyrelse.<\/p>\n<p>Han st\u00e5r i decemberm\u00f6rkret p\u00e5 en g\u00e5rdsplan utanf\u00f6r Mantorp i \u00d6sterg\u00f6tland. Sekunder senare \u00f6ppnar portarna till vagnhallen. Startnyckeln vrids om. Lamporna t\u00e4nds och Henrik Larsson fr\u00e5n Brook lantbruk styr den pyntade traktor ner mot Bryssel.<\/p>\n<p>P\u00e5 m\u00e5lade plakat i fronten och trepunktsliften stod bland annat: \u201dNo Farmers No food\u201d. \u201dBonde inte Byr\u00e5krat\u201d. \u201dSwedish Farmers to Brussels\u201d. Under v\u00e4gen ansl\u00f6t traktorer som gjorde f\u00f6lje en bit. Henrik fick \u00e4ven s\u00e4llskap av Adam Gruvaeus, Vara, H\u00e5kan Svensson, Sk\u00e5ne och Tobias von Krusenstierna, Stockholm ungdomen som delade p\u00e5 k\u00f6rningen.<\/p>\n<p>\u2013 Vi m\u00e5ste agera. Svenska politiker och EU-politikerna beh\u00f6ver f\u00f6rst\u00e5 villkoren vi arbetar under. Vi f\u00e5r hela tiden nya regler som detaljstyr v\u00e5ra verksamheter, s\u00e4ger Jeanette Blackert, ordf\u00f6rande i LRF \u00d6sterg\u00f6tland och fortsatte:<\/p>\n<p>\u2013 N\u00e4r vi r\u00e4knar vad en mj\u00f6lkbonde ska f\u00f6rh\u00e5lla sig till blir det 650 regler. Det \u00e4r orimligt. Samtidigt s\u00e4nks st\u00f6den, som m\u00e5nga g\u00e5nger \u00e4r en f\u00f6ruts\u00e4ttning f\u00f6r att vi ska kunna driva v\u00e5ra g\u00e5rdar. Vi beh\u00f6ver l\u00f6nsamhet f\u00f6r att klara den gr\u00f6na omst\u00e4llningen och kunna genomf\u00f6ra n\u00f6dv\u00e4ndiga generationsskiften.<\/p>\n<p>P\u00e5 plats marscherade hon med ett 50-tal tillresta LRFare och bildade en svensk grupp bland n\u00e4rmare 10 000 kollegor fr\u00e5n hela Europa. Med i t\u00e5get gick \u00e4ven Johan Lagerholm, ordf\u00f6rande f\u00f6r LRF i S\u00f6dermanland och Erik Sandberg, ordf\u00f6rande LRF i \u00d6rebro l\u00e4n:<\/p>\n<p>\u2013 Oerh\u00f6rt m\u00e4ktigt och intressant. Att vi kan g\u00f6ra en s\u00e5dan h\u00e4r kraftsamling, en fredlig och konstruktiv manifestation d\u00e4r vi tillsammans lyfter de behov v\u00e5r bransch beh\u00f6ver, menade Erik Sandberg.<\/p>\n<p>De uppgifter som cirkulerat i medier om kravaller och stenkastning k\u00e4nner de inte igen. I dialog med belgisk kravallpolis flyttades lantbrukarnas manifestation till andra gator och kunde marschera fredligt. Grupper som velat utnyttja tillf\u00e4llet fanns kvar i andra omr\u00e5den och ska enligt uppgifter ha missk\u00f6tt sig.<\/p>\n<p>\u2013 Tyv\u00e4rr har svensk media inte lyckats s\u00e4rskilja vad som h\u00e4nde p\u00e5 olika platser i Bryssel. Jag tror att det kr\u00e4ver att man \u00e4r p\u00e5 plats f\u00f6r att f\u00f6rst\u00e5. Jag skulle likna det vid vad fotbollshuliganer g\u00f6r vid en fotbollsmatch. De verkade mest vara ute f\u00f6r att br\u00e5ka, suckar Johan Lagerholm.<\/p>\n<p>Uppn\u00e5dde vi n\u00e5got med manifestationen?<\/p>\n<p>\u2013 Ja jag tror faktiskt det, det h\u00e4r var medlemsnytta. Manifestationen kommer st\u00e4rka Copa Cogecas roll i diskussionerna med EU-kommissionen. Man fick till m\u00f6ten med flera EU-kommission\u00e4rerna. Ursula von der Leyen gick ut och sa att Mercosur skjuts p\u00e5 framtiden. Ganska snabba resultat, konstaterar Johan.<\/p>\n<p>Nu \u00e4r alla tillbaka p\u00e5 hemmaplan och traktorn fick \u00e5ka trailer hem till \u00d6sterg\u00f6tland.<\/p>\n","protected":false},"excerpt":{"rendered":"Det blev n\u00e5gra riktigt hektiska dygn efter att beslutet fattats om att lantbrukare fr\u00e5n Sverige skulle \u00e5ka ner&hellip;\n","protected":false},"author":2,"featured_media":114212,"comment_status":"","ping_status":"","sticky":false,"template":"","format":"standard","meta":{"footnotes":""},"categories":[12],"tags":[22,23,26,27,17,21,24,25,28,29,15,16,18,34,31,33,32,30,19,20],"class_list":{"0":"post-114211","1":"post","2":"type-post","3":"status-publish","4":"format-standard","5":"has-post-thumbnail","7":"category-sverige","8":"tag-breaking-news","9":"tag-breakingnews","10":"tag-featured-news","11":"tag-featurednews","12":"tag-headlines","13":"tag-huvudnyheter","14":"tag-latest-news","15":"tag-latestnews","16":"tag-main-news","17":"tag-mainnews","18":"tag-news","19":"tag-nyheter","20":"tag-rubriker","21":"tag-se","22":"tag-svenska","23":"tag-sverige","24":"tag-sweden","25":"tag-swedish","26":"tag-top-stories","27":"tag-topstories"},"share_on_mastodon":{"url":"https:\/\/pubeurope.com\/@se\/115764737107569588","error":""},"_links":{"self":[{"href":"https:\/\/www.europesays.com\/se\/wp-json\/wp\/v2\/posts\/114211","targetHints":{"allow":["GET"]}}],"collection":[{"href":"https:\/\/www.europesays.com\/se\/wp-json\/wp\/v2\/posts"}],"about":[{"href":"https:\/\/www.europesays.com\/se\/wp-json\/wp\/v2\/types\/post"}],"author":[{"embeddable":true,"href":"https:\/\/www.europesays.com\/se\/wp-json\/wp\/v2\/users\/2"}],"replies":[{"embeddable":true,"href":"https:\/\/www.europesays.com\/se\/wp-json\/wp\/v2\/comments?post=114211"}],"version-history":[{"count":0,"href":"https:\/\/www.europesays.com\/se\/wp-json\/wp\/v2\/posts\/114211\/revisions"}],"wp:featuredmedia":[{"embeddable":true,"href":"https:\/\/www.europesays.com\/se\/wp-json\/wp\/v2\/media\/114212"}],"wp:attachment":[{"href":"https:\/\/www.europesays.com\/se\/wp-json\/wp\/v2\/media?parent=114211"}],"wp:term":[{"taxonomy":"category","embeddable":true,"href":"https:\/\/www.europesays.com\/se\/wp-json\/wp\/v2\/categories?post=114211"},{"taxonomy":"post_tag","embeddable":true,"href":"https:\/\/www.europesays.com\/se\/wp-json\/wp\/v2\/tags?post=114211"}],"curies":[{"name":"wp","href":"https:\/\/api.w.org\/{rel}","templated":true}]}}