{"id":114223,"date":"2025-12-22T19:00:11","date_gmt":"2025-12-22T19:00:11","guid":{"rendered":"https:\/\/www.europesays.com\/se\/114223\/"},"modified":"2025-12-22T19:00:11","modified_gmt":"2025-12-22T19:00:11","slug":"netanyahu-iran-har-utfort-karnaktiviteter","status":"publish","type":"post","link":"https:\/\/www.europesays.com\/se\/114223\/","title":{"rendered":"Netanyahu: Iran har utf\u00f6rt k\u00e4rnaktiviteter"},"content":{"rendered":"<p>Netanyahu tillade att Irans k\u00e4rnenergiaktiviteter skulle diskuteras med USA:s president Donald Trump.<\/p>\n<p>Netanyahu utvecklade inte sin h\u00e4nvisning till iranska \u00f6vningar.<\/p>\n<p>Tidigare i veckan <a href=\"https:\/\/www.svt.se\/nyheter\/utrikes\/uppgifter-netanyahu-ska-informera-trump-om-mojliga-attacker-mot-iran\" rel=\"nofollow noopener\" target=\"_blank\">rapporterades det<\/a> om att israeliska tj\u00e4nstem\u00e4n \u00e4r oroade \u00f6ver att Iran bygger upp sina k\u00e4rnanrikningsanl\u00e4ggningar som USA bombade tidigare i \u00e5r.<\/p>\n<p>V\u00e4ntas informera Trump<\/p>\n<p>Enligt uppgifter till NBC News planerar d\u00e4rf\u00f6r Netanyahu att informera Trump om att det kan beh\u00f6vas \u00e5tg\u00e4rder. <\/p>\n<p>I samband med att USA bombade Irans anl\u00e4ggningar i juni s\u00e5 uttryckte atomenergiorganet IAEA:s chef Rafael Rossi att de inte har uppt\u00e4ckt eller f\u00e5tt se n\u00e5gra bevis p\u00e5 att Iran skulle ha ett aktivt program. Och inte heller planer p\u00e5 att ta fram ett k\u00e4rnvapen.<\/p>\n","protected":false},"excerpt":{"rendered":"Netanyahu tillade att Irans k\u00e4rnenergiaktiviteter skulle diskuteras med USA:s president Donald Trump. Netanyahu utvecklade inte sin h\u00e4nvisning till&hellip;\n","protected":false},"author":2,"featured_media":793,"comment_status":"","ping_status":"","sticky":false,"template":"","format":"standard","meta":{"footnotes":""},"categories":[14],"tags":[22,23,26,27,17,21,24,25,28,29,15,16,18,34,31,33,32,30,19,20,51,52,53,54],"class_list":{"0":"post-114223","1":"post","2":"type-post","3":"status-publish","4":"format-standard","5":"has-post-thumbnail","7":"category-varlden","8":"tag-breaking-news","9":"tag-breakingnews","10":"tag-featured-news","11":"tag-featurednews","12":"tag-headlines","13":"tag-huvudnyheter","14":"tag-latest-news","15":"tag-latestnews","16":"tag-main-news","17":"tag-mainnews","18":"tag-news","19":"tag-nyheter","20":"tag-rubriker","21":"tag-se","22":"tag-svenska","23":"tag-sverige","24":"tag-sweden","25":"tag-swedish","26":"tag-top-stories","27":"tag-topstories","28":"tag-varlden","29":"tag-world","30":"tag-world-news","31":"tag-worldnews"},"share_on_mastodon":{"url":"https:\/\/pubeurope.com\/@se\/115764764634285022","error":""},"_links":{"self":[{"href":"https:\/\/www.europesays.com\/se\/wp-json\/wp\/v2\/posts\/114223","targetHints":{"allow":["GET"]}}],"collection":[{"href":"https:\/\/www.europesays.com\/se\/wp-json\/wp\/v2\/posts"}],"about":[{"href":"https:\/\/www.europesays.com\/se\/wp-json\/wp\/v2\/types\/post"}],"author":[{"embeddable":true,"href":"https:\/\/www.europesays.com\/se\/wp-json\/wp\/v2\/users\/2"}],"replies":[{"embeddable":true,"href":"https:\/\/www.europesays.com\/se\/wp-json\/wp\/v2\/comments?post=114223"}],"version-history":[{"count":0,"href":"https:\/\/www.europesays.com\/se\/wp-json\/wp\/v2\/posts\/114223\/revisions"}],"wp:featuredmedia":[{"embeddable":true,"href":"https:\/\/www.europesays.com\/se\/wp-json\/wp\/v2\/media\/793"}],"wp:attachment":[{"href":"https:\/\/www.europesays.com\/se\/wp-json\/wp\/v2\/media?parent=114223"}],"wp:term":[{"taxonomy":"category","embeddable":true,"href":"https:\/\/www.europesays.com\/se\/wp-json\/wp\/v2\/categories?post=114223"},{"taxonomy":"post_tag","embeddable":true,"href":"https:\/\/www.europesays.com\/se\/wp-json\/wp\/v2\/tags?post=114223"}],"curies":[{"name":"wp","href":"https:\/\/api.w.org\/{rel}","templated":true}]}}