{"id":114224,"date":"2025-12-22T19:01:09","date_gmt":"2025-12-22T19:01:09","guid":{"rendered":"https:\/\/www.europesays.com\/se\/114224\/"},"modified":"2025-12-22T19:01:09","modified_gmt":"2025-12-22T19:01:09","slug":"da-stanger-forsta-avdelningen-pa-solleftea-sjukhus-beslut-idag-i-regionen","status":"publish","type":"post","link":"https:\/\/www.europesays.com\/se\/114224\/","title":{"rendered":"D\u00e5 st\u00e4nger f\u00f6rsta avdelningen p\u00e5 Sollefte\u00e5 sjukhus \u2013 beslut idag i regionen"},"content":{"rendered":"<p>Tidigare i h\u00f6stas beslutade Styrgruppen f\u00f6r sjukhusf\u00f6r\u00e4ndringen att nedl\u00e4ggningen kunde genomf\u00f6ras \u2013 under f\u00f6ruts\u00e4ttning att ett antal krav kunde uppfyllas. Det r\u00f6rde bland annat saker som riskbed\u00f6mningar, arbetsmilj\u00f6fr\u00e5gor och patients\u00e4kerhet. <\/p>\n<p>Under m\u00e5ndagen fattades det sista formella beslutet i processen. Det inneb\u00e4r att avdelningen som vanligt st\u00e4nger f\u00f6r julhelgerna \u2013 men den sista januari blir st\u00e4ngningen permanent.<\/p>\n<p>Planerna har <a href=\"https:\/\/www.sverigesradio.se\/artikel\/protester-mot-stangning-av-barnavdelning-i-solleftea\" rel=\"nofollow noopener\" target=\"_blank\">v\u00e4ckt starka k\u00e4nslor och reaktioner<\/a> i Sollefte\u00e5 och namnlistor har \u00f6verl\u00e4mnats i protest. <\/p>\n<p>Enhetschefen: \u201dKommer h\u00e4nda saker\u201d<\/p>\n<p>Enhetschefen Theodor Nygren delar inte uppfattningen att nedl\u00e4ggningen kan anses s\u00e4ker f\u00f6r patienterna. <\/p>\n<p>\u2013 Nej, det kan jag inte h\u00e5lla med om. Vi har ju sett att det finns risker och det kommer att h\u00e4nda saker, s\u00e4ger han och pekar p\u00e5 fallet i somras d\u00e4r en <a href=\"https:\/\/www.svt.se\/nyheter\/lokalt\/vasternorrland\/10-ariga-mollie-fick-hjartstopp-mormor-forsokte-radda-hennes-liv\" data-discover=\"true\" rel=\"nofollow noopener\" target=\"_blank\"> flicka dog<\/a> i v\u00e4ntan p\u00e5 transport. <\/p>\n<p>M\u00e5ndagens beslut ing\u00e5r i den hett omdiskuterade genomf\u00f6randeplanen f\u00f6r Sollefte\u00e5 sjukhus som togs i regionfullm\u00e4ktige i maj. <\/p>\n<p>Barn- och ungdomsavdelningen skulle vara f\u00f6rst ut att avvecklas, och fr\u00e5n b\u00f6rjan skulle det ha varit genomf\u00f6rt efter sommaren. Redan i f\u00f6rsta steget \u00e4r genomf\u00f6randeplanen allts\u00e5 ett halv\u00e5r f\u00f6rsenad. <\/p>\n","protected":false},"excerpt":{"rendered":"Tidigare i h\u00f6stas beslutade Styrgruppen f\u00f6r sjukhusf\u00f6r\u00e4ndringen att nedl\u00e4ggningen kunde genomf\u00f6ras \u2013 under f\u00f6ruts\u00e4ttning att ett antal krav&hellip;\n","protected":false},"author":2,"featured_media":114225,"comment_status":"","ping_status":"","sticky":false,"template":"","format":"standard","meta":{"footnotes":""},"categories":[12],"tags":[22,23,26,27,17,21,24,25,28,29,15,16,18,34,31,33,32,30,19,20],"class_list":{"0":"post-114224","1":"post","2":"type-post","3":"status-publish","4":"format-standard","5":"has-post-thumbnail","7":"category-sverige","8":"tag-breaking-news","9":"tag-breakingnews","10":"tag-featured-news","11":"tag-featurednews","12":"tag-headlines","13":"tag-huvudnyheter","14":"tag-latest-news","15":"tag-latestnews","16":"tag-main-news","17":"tag-mainnews","18":"tag-news","19":"tag-nyheter","20":"tag-rubriker","21":"tag-se","22":"tag-svenska","23":"tag-sverige","24":"tag-sweden","25":"tag-swedish","26":"tag-top-stories","27":"tag-topstories"},"share_on_mastodon":{"url":"https:\/\/pubeurope.com\/@se\/115764768530753759","error":""},"_links":{"self":[{"href":"https:\/\/www.europesays.com\/se\/wp-json\/wp\/v2\/posts\/114224","targetHints":{"allow":["GET"]}}],"collection":[{"href":"https:\/\/www.europesays.com\/se\/wp-json\/wp\/v2\/posts"}],"about":[{"href":"https:\/\/www.europesays.com\/se\/wp-json\/wp\/v2\/types\/post"}],"author":[{"embeddable":true,"href":"https:\/\/www.europesays.com\/se\/wp-json\/wp\/v2\/users\/2"}],"replies":[{"embeddable":true,"href":"https:\/\/www.europesays.com\/se\/wp-json\/wp\/v2\/comments?post=114224"}],"version-history":[{"count":0,"href":"https:\/\/www.europesays.com\/se\/wp-json\/wp\/v2\/posts\/114224\/revisions"}],"wp:featuredmedia":[{"embeddable":true,"href":"https:\/\/www.europesays.com\/se\/wp-json\/wp\/v2\/media\/114225"}],"wp:attachment":[{"href":"https:\/\/www.europesays.com\/se\/wp-json\/wp\/v2\/media?parent=114224"}],"wp:term":[{"taxonomy":"category","embeddable":true,"href":"https:\/\/www.europesays.com\/se\/wp-json\/wp\/v2\/categories?post=114224"},{"taxonomy":"post_tag","embeddable":true,"href":"https:\/\/www.europesays.com\/se\/wp-json\/wp\/v2\/tags?post=114224"}],"curies":[{"name":"wp","href":"https:\/\/api.w.org\/{rel}","templated":true}]}}