{"id":114226,"date":"2025-12-22T19:02:37","date_gmt":"2025-12-22T19:02:37","guid":{"rendered":"https:\/\/www.europesays.com\/se\/114226\/"},"modified":"2025-12-22T19:02:37","modified_gmt":"2025-12-22T19:02:37","slug":"vara-oppettider-jul-nyar-newsmachine-ab","status":"publish","type":"post","link":"https:\/\/www.europesays.com\/se\/114226\/","title":{"rendered":"V\u00e5ra \u00f6ppettider jul &amp; ny\u00e5r &#8211; NewsMachine AB"},"content":{"rendered":"<ol>\n<li><a href=\"https:\/\/news.google.com\/rss\/articles\/CBMihAFBVV95cUxNb2lOZmdiMkhVTVo4c1ZKMXljdDJ2SHhaVUNtYUd4b0VYQTVDb1JDc0FlTzlLNVRKM0txUUFQTjJwMEFWQndkV20xRFRFTDRKWUdIVk4tdGt4SmJVakx0aC1zSWpNeE5QUTBoYUtFSGRlM05ZMkhSQ2RXOWszUGNMbklzbS0?oc=5\" target=\"_blank\" rel=\"nofollow noopener\">V\u00e5ra \u00f6ppettider jul &amp; ny\u00e5r<\/a>&nbsp;&nbsp;NewsMachine AB<\/li>\n<li><a href=\"https:\/\/news.google.com\/rss\/articles\/CBMimgFBVV95cUxQbnBnTF9URUtnXzlGNWFtazZpQ1dXYlZJQjhWc0xfYmoxWU5rY05pUlZ4OVFHbVd0VExTQWlZMDZFdHlfNldJVFR2bS1PazY1cmZ2b3A4M0FnRy1rTnRMakc5akZRcnJJY3dEWUFfN3Rka2ZGQnNRc2I0Wk82Rkc1OUtTVWJBVGVUTjgyQWhjUWJlQlVxb2lEb3JR?oc=5\" target=\"_blank\" rel=\"nofollow noopener\">Soph\u00e4mtarnas \u00f6nskelista: D\u00e4rf\u00f6r ska k\u00e4rlen st\u00e5 r\u00e4tt tidigt<\/a>&nbsp;&nbsp;Sveriges Radio<\/li>\n<li><a href=\"https:\/\/news.google.com\/rss\/articles\/CBMi6gFBVV95cUxQaEZoR2ZoOVY2UENtbGlUQ3Z1MXdxSS12TUU3eVF4NHFlRFpLYVNHMjBXRTdiR1RZWnBaYVd4LWljQ1V3ZDNpNW1qX1lHT0tGNWhRR1lxV3Y5dWpjWVJhMkZILXltS0FrOVFZci0tWkVqM19saVRfRnR1ZmdxTkdVUHIwazBKNWJlS3J6YmtXZEo1WUNqdldObjh1VmRmaDBzbnpDb294N3dCaWNCbUlZNVN0d0stVkhBMlN0NnJwT3J4QVpZQ29iVmVZLUI4WG9JTktwa0ZLdmN1Q1RnZno3NXpoZk10MHlQWlE?oc=5\" target=\"_blank\" rel=\"nofollow noopener\">\u00c4ndrade tider f\u00f6r soph\u00e4mtning och \u00e5tervinningscentraler under jul och ny\u00e5r<\/a>&nbsp;&nbsp;Skellefte\u00e5 kommun<\/li>\n<li><a href=\"https:\/\/news.google.com\/rss\/articles\/CBMinAFBVV95cUxPZW1hWG40TXZ3QzZOTXdDRkpHWmxtM0pETkJCaklLZ0xLSm0tTFNJbTZaeDZOdmdUTVlLWm9VYkxURUYzRHdxM1BqbUFlU2tlUnI3cmJoZWlLeHdXX3ZpSXBWbHJLZ0VjWjcySjFYUjgtMzU3VUlfYXhWSHVuUjExYXZHU3h3UnRBbEEyRnVKN0pFY3JMRzJ6VWgyQVg?oc=5\" target=\"_blank\" rel=\"nofollow noopener\">H\u00e4r \u00e4r alla tider f\u00f6r soph\u00e4mtningen under l\u00e5nghelgerna<\/a>&nbsp;&nbsp;V\u00e4stg\u00f6ta-Bladet<\/li>\n<li><a href=\"https:\/\/news.google.com\/rss\/articles\/CBMinwFBVV95cUxNTUJQS2FQX3Y5VW9ja25TVUJHZVAxckFzaGl2U2dCV2xsZGV0ZFdPaExBdjNySlFrbFB3MTQ4MVlQakFYWkowcmlEVnBOUF84RHdGWEJJQXhObjVBZlNRczdDYnNfQUljWEhnamxmZEJkUzdHVE1lM3hVUmJSbkxyTll6empseHAza2NWNlFUTnZvM1hwclhlMjc3ZHViRmM?oc=5\" target=\"_blank\" rel=\"nofollow noopener\">S\u00e5 sorterar du julen r\u00e4tt \u2013 och h\u00e4r \u00e4r Kretslopp Sydosts \u00f6ppettider<\/a>&nbsp;&nbsp;Oskarshamns-Nytt<\/li>\n<\/ol>\n","protected":false},"excerpt":{"rendered":"V\u00e5ra \u00f6ppettider jul &amp; ny\u00e5r&nbsp;&nbsp;NewsMachine AB Soph\u00e4mtarnas \u00f6nskelista: D\u00e4rf\u00f6r ska k\u00e4rlen st\u00e5 r\u00e4tt tidigt&nbsp;&nbsp;Sveriges Radio \u00c4ndrade tider f\u00f6r&hellip;\n","protected":false},"author":2,"featured_media":114227,"comment_status":"","ping_status":"","sticky":false,"template":"","format":"standard","meta":{"footnotes":""},"categories":[5],"tags":[22,23,26,27,17,21,24,25,28,29,15,16,18,34,31,33,32,30,19,20],"class_list":{"0":"post-114226","1":"post","2":"type-post","3":"status-publish","4":"format-standard","5":"has-post-thumbnail","7":"category-rubriker","8":"tag-breaking-news","9":"tag-breakingnews","10":"tag-featured-news","11":"tag-featurednews","12":"tag-headlines","13":"tag-huvudnyheter","14":"tag-latest-news","15":"tag-latestnews","16":"tag-main-news","17":"tag-mainnews","18":"tag-news","19":"tag-nyheter","20":"tag-rubriker","21":"tag-se","22":"tag-svenska","23":"tag-sverige","24":"tag-sweden","25":"tag-swedish","26":"tag-top-stories","27":"tag-topstories"},"share_on_mastodon":{"url":"https:\/\/pubeurope.com\/@se\/115764772378231594","error":""},"_links":{"self":[{"href":"https:\/\/www.europesays.com\/se\/wp-json\/wp\/v2\/posts\/114226","targetHints":{"allow":["GET"]}}],"collection":[{"href":"https:\/\/www.europesays.com\/se\/wp-json\/wp\/v2\/posts"}],"about":[{"href":"https:\/\/www.europesays.com\/se\/wp-json\/wp\/v2\/types\/post"}],"author":[{"embeddable":true,"href":"https:\/\/www.europesays.com\/se\/wp-json\/wp\/v2\/users\/2"}],"replies":[{"embeddable":true,"href":"https:\/\/www.europesays.com\/se\/wp-json\/wp\/v2\/comments?post=114226"}],"version-history":[{"count":0,"href":"https:\/\/www.europesays.com\/se\/wp-json\/wp\/v2\/posts\/114226\/revisions"}],"wp:featuredmedia":[{"embeddable":true,"href":"https:\/\/www.europesays.com\/se\/wp-json\/wp\/v2\/media\/114227"}],"wp:attachment":[{"href":"https:\/\/www.europesays.com\/se\/wp-json\/wp\/v2\/media?parent=114226"}],"wp:term":[{"taxonomy":"category","embeddable":true,"href":"https:\/\/www.europesays.com\/se\/wp-json\/wp\/v2\/categories?post=114226"},{"taxonomy":"post_tag","embeddable":true,"href":"https:\/\/www.europesays.com\/se\/wp-json\/wp\/v2\/tags?post=114226"}],"curies":[{"name":"wp","href":"https:\/\/api.w.org\/{rel}","templated":true}]}}