{"id":114234,"date":"2025-12-22T19:09:53","date_gmt":"2025-12-22T19:09:53","guid":{"rendered":"https:\/\/www.europesays.com\/se\/114234\/"},"modified":"2025-12-22T19:09:53","modified_gmt":"2025-12-22T19:09:53","slug":"sanktionsbelagt-ryskt-fartyg-fick-aka-vidare-fran-sverige-utrikes","status":"publish","type":"post","link":"https:\/\/www.europesays.com\/se\/114234\/","title":{"rendered":"Sanktionsbelagt ryskt fartyg fick \u00e5ka vidare fr\u00e5n Sverige | Utrikes"},"content":{"rendered":"<p class=\"aw-1gybjub aw-5vja16 kEtdKx kmuxyA yle__article__paragraph\">Tvingades ankra i Sverige efter maskinhaveri.<\/p>\n<p><img decoding=\"async\" alt=\"Ett stort r\u00f6tt fartyg p\u00e5 havet.\" src=\"https:\/\/www.europesays.com\/se\/wp-content\/uploads\/2025\/12\/39-15731986947f7887ad5f.jpeg\" class=\"aw-1l9m598 hKVVvP\"\/><\/p>\n<p>\u00d6ppna bildvisare<\/p>\n<p>Det sanktionsbelagda ryska fartyget Adler har f\u00e5tt \u00e5ka vidare efter att ha ankrat i svenska vatten. Bild: Johan Nilsson \/ AFPLyssna (du h\u00f6r en artificiell r\u00f6st) 1:12<\/p>\n<p class=\"aw-1gybjub aw-1p7kakr kEtdKx cEmitX yle__article__paragraph\">Det sanktionsbelagda ryska fartyg som under veckoslutet <a class=\"aw-iao6s4 iHOxEa yle__article__link\" href=\"https:\/\/yle.fi\/a\/7-10090413\" role=\"link\" rel=\"nofollow noopener\" target=\"_blank\">tvingades ankra<\/a> utanf\u00f6r H\u00f6gan\u00e4s p\u00e5 den sk\u00e5nska kusten har f\u00e5tt tillst\u00e5nd att \u00e5ka vidare och har \u00e5terupptagit sin f\u00e4rd.<\/p>\n<p class=\"aw-1gybjub aw-1p7kakr kEtdKx cEmitX yle__article__paragraph\">Fartyget drabbades av maskinhaveri d\u00e5 det var p\u00e5 v\u00e4g genom \u00d6resund och ankrade i svenska vatten natten mellan l\u00f6rdag och s\u00f6ndag.<\/p>\n<p class=\"aw-1gybjub aw-1p7kakr kEtdKx cEmitX yle__article__paragraph\">Svenska tullmyndigheter bordade fartyget tidigt p\u00e5 s\u00f6ndagsmorgonen och l\u00e4mnade det p\u00e5 eftermiddagen efter en inspektion.<\/p>\n<p class=\"aw-1gybjub aw-1p7kakr kEtdKx cEmitX yle__article__paragraph\">Enligt det svenska Tullverket m\u00e5ste fartygets last inspekteras eftersom fartyget hade kommit in i svenskt territorialvatten.<\/p>\n<p class=\"aw-1gybjub aw-1p7kakr kEtdKx cEmitX yle__article__paragraph\">P\u00e5 s\u00f6ndagskv\u00e4llen beslutade \u00e5klagarmyndigheterna i Sverige att inte inleda en f\u00f6runders\u00f6kning om misst\u00e4nkt sanktionsbrott.<\/p>\n<p class=\"aw-1gybjub aw-1p7kakr kEtdKx cEmitX yle__article__paragraph\">Fartyget \u00e4gs av det ryska f\u00f6retaget M Leasing LLC, som \u00e4r belagt med sanktioner b\u00e5de i USA och EU, eftersom bolagets fartyg uppges transportera nordkoreansk ammunition som Ryssland sedan anv\u00e4nder i kriget i Ukraina.<\/p>\n<p class=\"aw-1gybjub aw-1p7kakr kEtdKx cEmitX yle__article__paragraph\">Enligt positionsuppgifter fr\u00e5n tj\u00e4nsten Marinetraffic \u00e5terupptog fartyget sin resa vid midnatt finsk tid, natten mellan s\u00f6ndag och m\u00e5ndag.<\/p>\n","protected":false},"excerpt":{"rendered":"Tvingades ankra i Sverige efter maskinhaveri. \u00d6ppna bildvisare Det sanktionsbelagda ryska fartyget Adler har f\u00e5tt \u00e5ka vidare efter&hellip;\n","protected":false},"author":2,"featured_media":114235,"comment_status":"","ping_status":"","sticky":false,"template":"","format":"standard","meta":{"footnotes":""},"categories":[12],"tags":[22,23,2985,26,27,17,21,1744,24,25,28,29,12441,15,16,18,264,3722,34,3970,31,33,32,30,19,20,237],"class_list":{"0":"post-114234","1":"post","2":"type-post","3":"status-publish","4":"format-standard","5":"has-post-thumbnail","7":"category-sverige","8":"tag-breaking-news","9":"tag-breakingnews","10":"tag-fartyg","11":"tag-featured-news","12":"tag-featurednews","13":"tag-headlines","14":"tag-huvudnyheter","15":"tag-kriget-i-ukraina","16":"tag-latest-news","17":"tag-latestnews","18":"tag-main-news","19":"tag-mainnews","20":"tag-marinetraffic","21":"tag-news","22":"tag-nyheter","23":"tag-rubriker","24":"tag-ryssland","25":"tag-sanktioner","26":"tag-se","27":"tag-sjotrafik","28":"tag-svenska","29":"tag-sverige","30":"tag-sweden","31":"tag-swedish","32":"tag-top-stories","33":"tag-topstories","34":"tag-utrikes"},"share_on_mastodon":{"url":"https:\/\/pubeurope.com\/@se\/115764804093996594","error":""},"_links":{"self":[{"href":"https:\/\/www.europesays.com\/se\/wp-json\/wp\/v2\/posts\/114234","targetHints":{"allow":["GET"]}}],"collection":[{"href":"https:\/\/www.europesays.com\/se\/wp-json\/wp\/v2\/posts"}],"about":[{"href":"https:\/\/www.europesays.com\/se\/wp-json\/wp\/v2\/types\/post"}],"author":[{"embeddable":true,"href":"https:\/\/www.europesays.com\/se\/wp-json\/wp\/v2\/users\/2"}],"replies":[{"embeddable":true,"href":"https:\/\/www.europesays.com\/se\/wp-json\/wp\/v2\/comments?post=114234"}],"version-history":[{"count":0,"href":"https:\/\/www.europesays.com\/se\/wp-json\/wp\/v2\/posts\/114234\/revisions"}],"wp:featuredmedia":[{"embeddable":true,"href":"https:\/\/www.europesays.com\/se\/wp-json\/wp\/v2\/media\/114235"}],"wp:attachment":[{"href":"https:\/\/www.europesays.com\/se\/wp-json\/wp\/v2\/media?parent=114234"}],"wp:term":[{"taxonomy":"category","embeddable":true,"href":"https:\/\/www.europesays.com\/se\/wp-json\/wp\/v2\/categories?post=114234"},{"taxonomy":"post_tag","embeddable":true,"href":"https:\/\/www.europesays.com\/se\/wp-json\/wp\/v2\/tags?post=114234"}],"curies":[{"name":"wp","href":"https:\/\/api.w.org\/{rel}","templated":true}]}}