{"id":114246,"date":"2025-12-22T19:23:09","date_gmt":"2025-12-22T19:23:09","guid":{"rendered":"https:\/\/www.europesays.com\/se\/114246\/"},"modified":"2025-12-22T19:23:09","modified_gmt":"2025-12-22T19:23:09","slug":"svenska-anton-35-och-fabian-26-ar-dollarmiljardarer","status":"publish","type":"post","link":"https:\/\/www.europesays.com\/se\/114246\/","title":{"rendered":"Svenska Anton, 35, och Fabian, 26, \u00e4r dollarmiljard\u00e4rer"},"content":{"rendered":"<p>Publicerad 22 dec 2025 kl 20.06<\/p>\n<p>AI-bolaget Lovable v\u00e4rderades nyligen till drygt 61 miljarder kronor.<\/p>\n<p>Det inneb\u00e4r att de svenska grundarna \u2013 Anton Osika, 35, och Fabian Hedin, 26 \u2013 nu \u00e4r mycket f\u00f6rm\u00f6gna.<\/p>\n<p>Enligt aff\u00e4rstidningen <a href=\"https:\/\/www.forbes.com\/sites\/aliciapark\/2025\/12\/19\/ai-startup-lovable-just-minted-one-of-europes-youngest-ever-self-made-billionaires\/\" rel=\"nofollow noopener\" target=\"_blank\">Forbes<\/a> \u00e4r de goda f\u00f6r cirka 14,8 miljarder kronor vardera.<\/p>\n<p>Senaste nyhetsklippen fr\u00e5n Expressen.<img   alt=\"\"\/><\/p>\n<p>Anton Osika, 35, \u00e4r vd p\u00e5 Loveable.<\/p>\n<p>Foto: Svante Gullichsen \/ \u00a9 Svante Gullichsen Photography<\/p>\n<p>\u00d6ppna bild i helsk\u00e4rm<\/p>\n<p>Det Stockholmsbaserade AI-bolaget Loveable har utvecklat en plattform d\u00e4r anv\u00e4ndarna enkelt kan bygga appar och sajter genom textinstruktioner.<\/p>\n<p>Anv\u00e4ndarna skriver hur man vill ha det i en chatt och sedan skapar Loveables verktyg produkten. Det betyder i korta drag att vem som helst kan skapa en app eller sajt \u2013 utan att vara tekniskt kunnig.<\/p>\n<p>Bolaget tog nyligen in tre miljarder kronor i en finansieringsrunda och v\u00e4rderades i samband med det till drygt 61 miljarder kronor.<\/p>\n<p><a href=\"https:\/\/www.forbes.com\/sites\/aliciapark\/2025\/12\/19\/ai-startup-lovable-just-minted-one-of-europes-youngest-ever-self-made-billionaires\/\" rel=\"nofollow noopener\" target=\"_blank\">Aff\u00e4rstidningen Forbes<\/a> rapporterar att grundarna \u2013 Anton Osika, 35, och Fabian Hedin, 26 \u2013 \u00e4ger 24 procent var av bolaget och att de d\u00e4rmed \u00e4r goda f\u00f6r 1,6 miljarder dollar. Det motsvarar ungef\u00e4r 14,8 miljarder kronor.\u00a0<\/p>\n<p>L\u00f6ftet: Miljarder till v\u00e4lg\u00f6renhet<\/p>\n<p>I november f\u00f6rra \u00e5ret lanserade Lovable sitt AI-verktyg, som kallas f\u00f6r \u201dvibe coding\u201d. Det blev snabbt mycket popul\u00e4rt. I dag har bolaget omkring \u00e5tta miljoner anv\u00e4ndare och oms\u00e4tter \u00f6ver 100 miljoner dollar \u00e5rligen. Enligt <a href=\"https:\/\/www.expressen.se\/tagg\/organization\/forbes\/\" class=\"\" rel=\"nofollow noopener\" target=\"_blank\">Forbes<\/a> \u00e4r Lovable historiens snabbast v\u00e4xande start up-bolag.<\/p>\n<p>Anton Osika och Fabian Hedin har sagt att de planerar att sk\u00e4nka bort h\u00e4lften av sina f\u00f6rm\u00f6genheter till v\u00e4lg\u00f6rande \u00e4ndam\u00e5l n\u00e4r bolaget b\u00f6rsnoteras eller s\u00e4ljs.<\/p>\n<p>\u2013 Jag och Fabian har lovat att en mycket stor del av det v\u00e4rde vi bygger upp genom Lovable ska g\u00e5 till att s\u00e4kerst\u00e4lla att m\u00e4nsklighetens \u00f6verg\u00e5ng till superintelligent AI sker p\u00e5 ett bra s\u00e4tt och blir till nytta f\u00f6r de m\u00e4nniskor som lever igenom den, sa Anton Osika till aff\u00e4rstidningen i somras.<\/p>\n<p>En av v\u00e4rldens yngsta dollarmiljard\u00e4rer<img loading=\"lazy\"   alt=\"\"\/><\/p>\n<p>Fabian Hedin, 26, \u00e4r medgrundare och teknisk chef p\u00e5 Loveable.<\/p>\n<p>Foto: Svante Gullichsen \/ \u00a9 Svante Gullichsen Photography<\/p>\n<p>\u00d6ppna bild i helsk\u00e4rm<\/p>\n<p>Fabian Hedin ing\u00e5r enligt Forbes nu i en mycket exklusiv grupp. Han \u00e4r en av totalt 13 dollarmiljard\u00e4rer under 30 \u00e5r, som tj\u00e4nat sina pengar sj\u00e4lv, i v\u00e4rlden.<\/p>\n<p>I samma grupp ing\u00e5r faktiskt en annan ung svensk: 26-\u00e5rige Arvid Lunnemark, som \u00e4r medgrundare till bolaget bakom det popul\u00e4ra AI-verktyget Cursor.<\/p>\n<p><strong>L\u00c4S MER: <\/strong><a href=\"https:\/\/www.expressen.se\/ekonomi\/svenske-arvid-26-ar-dollarmiljardar\/\" class=\"\" rel=\"nofollow noopener\" target=\"_blank\">Svenske Arvid, 26, \u00e4r dollarmiljard\u00e4r<\/a><\/p>\n","protected":false},"excerpt":{"rendered":"Publicerad 22 dec 2025 kl 20.06 AI-bolaget Lovable v\u00e4rderades nyligen till drygt 61 miljarder kronor. Det inneb\u00e4r att&hellip;\n","protected":false},"author":2,"featured_media":114247,"comment_status":"","ping_status":"","sticky":false,"template":"","format":"standard","meta":{"footnotes":""},"categories":[65],"tags":[72,70,71,212,6590,34,31,33,32,30],"class_list":{"0":"post-114246","1":"post","2":"type-post","3":"status-publish","4":"format-standard","5":"has-post-thumbnail","7":"category-ekonomi","8":"tag-business","9":"tag-economy","10":"tag-ekonomi","11":"tag-location-sverige","12":"tag-organization-forbes","13":"tag-se","14":"tag-svenska","15":"tag-sverige","16":"tag-sweden","17":"tag-swedish"},"share_on_mastodon":{"url":"https:\/\/pubeurope.com\/@se\/115764855087765551","error":""},"_links":{"self":[{"href":"https:\/\/www.europesays.com\/se\/wp-json\/wp\/v2\/posts\/114246","targetHints":{"allow":["GET"]}}],"collection":[{"href":"https:\/\/www.europesays.com\/se\/wp-json\/wp\/v2\/posts"}],"about":[{"href":"https:\/\/www.europesays.com\/se\/wp-json\/wp\/v2\/types\/post"}],"author":[{"embeddable":true,"href":"https:\/\/www.europesays.com\/se\/wp-json\/wp\/v2\/users\/2"}],"replies":[{"embeddable":true,"href":"https:\/\/www.europesays.com\/se\/wp-json\/wp\/v2\/comments?post=114246"}],"version-history":[{"count":0,"href":"https:\/\/www.europesays.com\/se\/wp-json\/wp\/v2\/posts\/114246\/revisions"}],"wp:featuredmedia":[{"embeddable":true,"href":"https:\/\/www.europesays.com\/se\/wp-json\/wp\/v2\/media\/114247"}],"wp:attachment":[{"href":"https:\/\/www.europesays.com\/se\/wp-json\/wp\/v2\/media?parent=114246"}],"wp:term":[{"taxonomy":"category","embeddable":true,"href":"https:\/\/www.europesays.com\/se\/wp-json\/wp\/v2\/categories?post=114246"},{"taxonomy":"post_tag","embeddable":true,"href":"https:\/\/www.europesays.com\/se\/wp-json\/wp\/v2\/tags?post=114246"}],"curies":[{"name":"wp","href":"https:\/\/api.w.org\/{rel}","templated":true}]}}