{"id":114248,"date":"2025-12-22T19:24:11","date_gmt":"2025-12-22T19:24:11","guid":{"rendered":"https:\/\/www.europesays.com\/se\/114248\/"},"modified":"2025-12-22T19:24:11","modified_gmt":"2025-12-22T19:24:11","slug":"overtand-villa-en-hamtad-av-rokdykare","status":"publish","type":"post","link":"https:\/\/www.europesays.com\/se\/114248\/","title":{"rendered":"\u00d6vert\u00e4nd villa \u2013 en h\u00e4mtad av r\u00f6kdykare"},"content":{"rendered":"<p>share-arrowDela<\/p>\n<p>unsaveSpara<\/p>\n<p>expand-left<\/p>\n<p>helsk\u00e4rm<img decoding=\"async\" class=\"image-asset hyperion-css-u06ts1\" data-test-tag=\"image-asset\" src=\"https:\/\/www.europesays.com\/se\/wp-content\/uploads\/2025\/12\/fdb92172-a345-44c6-90b0-0899bd802db3\"  alt=\"R\u00f6kdykare h\u00e4mtade ut en person fr\u00e5n en \u00f6vert\u00e4nd villa. Arkivbild.\"  loading=\"eager\" fetchpriority=\"high\" style=\"aspect-ratio:1900 \/ 1226\"\/>R\u00f6kdykare h\u00e4mtade ut en person fr\u00e5n en \u00f6vert\u00e4nd villa. Arkivbild. Foto: Johan Nilsson \/ TT<\/p>\n<p class=\"hyperion-css-1shl3oz\" data-test-tag=\"lead-text\">En person har f\u00f6rts till sjukhus efter en villabrand p\u00e5 Blid\u00f6 sydost om Norrt\u00e4lje, uppger polisen.<\/p>\n<p class=\"hyperion-css-1v9qo5x\">Personen h\u00e4mtades ut av r\u00f6kdykare, enligt Norrtelje Tidning.<\/p>\n<p class=\"hyperion-css-1v9qo5x\">\u2013 Man s\u00f6ker vidare efter en till person som eventuellt ska befinna sig i villan, s\u00e4ger Oscar Davila, ledningsoperat\u00f6r p\u00e5 r\u00e4ddningstj\u00e4nsten, till tidningen.<\/p>\n<p class=\"hyperion-css-1v9qo5x\">Larmet om branden kom vid 17-tiden p\u00e5 m\u00e5ndagen.<\/p>\n<p class=\"hyperion-css-1v9qo5x\">Enligt polisen har brandk\u00e5ren ett par timmars sl\u00e4ckningsarbete kvar.<\/p>\n","protected":false},"excerpt":{"rendered":"share-arrowDela unsaveSpara expand-left helsk\u00e4rmR\u00f6kdykare h\u00e4mtade ut en person fr\u00e5n en \u00f6vert\u00e4nd villa. Arkivbild. Foto: Johan Nilsson \/ TT&hellip;\n","protected":false},"author":2,"featured_media":114249,"comment_status":"","ping_status":"","sticky":false,"template":"","format":"standard","meta":{"footnotes":""},"categories":[14],"tags":[22,23,26,27,17,21,24,25,28,29,15,16,18,34,31,33,32,30,19,20,51,52,53,54],"class_list":{"0":"post-114248","1":"post","2":"type-post","3":"status-publish","4":"format-standard","5":"has-post-thumbnail","7":"category-varlden","8":"tag-breaking-news","9":"tag-breakingnews","10":"tag-featured-news","11":"tag-featurednews","12":"tag-headlines","13":"tag-huvudnyheter","14":"tag-latest-news","15":"tag-latestnews","16":"tag-main-news","17":"tag-mainnews","18":"tag-news","19":"tag-nyheter","20":"tag-rubriker","21":"tag-se","22":"tag-svenska","23":"tag-sverige","24":"tag-sweden","25":"tag-swedish","26":"tag-top-stories","27":"tag-topstories","28":"tag-varlden","29":"tag-world","30":"tag-world-news","31":"tag-worldnews"},"share_on_mastodon":{"url":"https:\/\/pubeurope.com\/@se\/115764859155517584","error":""},"_links":{"self":[{"href":"https:\/\/www.europesays.com\/se\/wp-json\/wp\/v2\/posts\/114248","targetHints":{"allow":["GET"]}}],"collection":[{"href":"https:\/\/www.europesays.com\/se\/wp-json\/wp\/v2\/posts"}],"about":[{"href":"https:\/\/www.europesays.com\/se\/wp-json\/wp\/v2\/types\/post"}],"author":[{"embeddable":true,"href":"https:\/\/www.europesays.com\/se\/wp-json\/wp\/v2\/users\/2"}],"replies":[{"embeddable":true,"href":"https:\/\/www.europesays.com\/se\/wp-json\/wp\/v2\/comments?post=114248"}],"version-history":[{"count":0,"href":"https:\/\/www.europesays.com\/se\/wp-json\/wp\/v2\/posts\/114248\/revisions"}],"wp:featuredmedia":[{"embeddable":true,"href":"https:\/\/www.europesays.com\/se\/wp-json\/wp\/v2\/media\/114249"}],"wp:attachment":[{"href":"https:\/\/www.europesays.com\/se\/wp-json\/wp\/v2\/media?parent=114248"}],"wp:term":[{"taxonomy":"category","embeddable":true,"href":"https:\/\/www.europesays.com\/se\/wp-json\/wp\/v2\/categories?post=114248"},{"taxonomy":"post_tag","embeddable":true,"href":"https:\/\/www.europesays.com\/se\/wp-json\/wp\/v2\/tags?post=114248"}],"curies":[{"name":"wp","href":"https:\/\/api.w.org\/{rel}","templated":true}]}}