{"id":114256,"date":"2025-12-22T19:33:16","date_gmt":"2025-12-22T19:33:16","guid":{"rendered":"https:\/\/www.europesays.com\/se\/114256\/"},"modified":"2025-12-22T19:33:16","modified_gmt":"2025-12-22T19:33:16","slug":"barry-manilow-ska-opereras-for-lungcancer","status":"publish","type":"post","link":"https:\/\/www.europesays.com\/se\/114256\/","title":{"rendered":"Barry Manilow ska opereras f\u00f6r lungcancer"},"content":{"rendered":"<p>Publicerad 22 dec 2025 kl 19.12Uppdaterad kl 20.20<\/p>\n<p>S\u00e5ngaren Barry Manilow ber\u00e4ttade sj\u00e4lv om cancerdiagnosen via sociala medier p\u00e5 m\u00e5ndagen, rapporterar TMZ.\u00a0<\/p>\n<p><img   alt=\"\"\/><\/p>\n<p>Barry Manilow har drabbats av lungcancer.<\/p>\n<p>Foto: JASON SZENES \/ EPA \/ TT \/ EPA TT NYHETSBYR\u00c5N<\/p>\n<p>\u00d6ppna bild i helsk\u00e4rm<img loading=\"lazy\"   alt=\"\"\/><\/p>\n<p>Artisten tvingas nu st\u00e4lla in flera konserter i januari.<\/p>\n<p>Foto: STIAN LYSBERG \/ EPA \/ TT \/ EPA TT NYHETSBYR\u00c5N<\/p>\n<p>\u00d6ppna bild i helsk\u00e4rm<\/p>\n<p>Den 82-\u00e5rige Manilow skriver i ett uttalande att l\u00e4karna uppt\u00e4ckte cancern s\u00e5 tidigt att han inte kommer att beh\u00f6va cellgifter.<\/p>\n<p>\u201dSom m\u00e5nga av er vet gick jag nyligen igenom sex veckors bronkit f\u00f6ljt av ett \u00e5terfall p\u00e5 ytterligare fem veckor. \u00c4ven om jag hade blivit av med bronkiten och var tillbaka p\u00e5 scenen p\u00e5 Westgate Las Vegas, best\u00e4llde min fantastiska l\u00e4kare en magnetr\u00f6ntgen f\u00f6r att f\u00f6rs\u00e4kra sig om att allt var okej. Magnetr\u00f6ntgen uppt\u00e4ckte en cancerfl\u00e4ck p\u00e5 min v\u00e4nstra lunga som beh\u00f6ver tas bort. Det \u00e4r ren tur (och en fantastisk l\u00e4kare) att den uppt\u00e4cktes s\u00e5 tidigt. Det \u00e4r de goda nyheterna.\u201d<\/p>\n<p>De \u201dd\u00e5liga nyheterna\u201d \u00e4r enligt \u201dMandy\u201d-s\u00e5ngaren att operationen g\u00f6r att han missar ett antal planerade konserter i januari.<\/p>\n","protected":false},"excerpt":{"rendered":"Publicerad 22 dec 2025 kl 19.12Uppdaterad kl 20.20 S\u00e5ngaren Barry Manilow ber\u00e4ttade sj\u00e4lv om cancerdiagnosen via sociala medier&hellip;\n","protected":false},"author":2,"featured_media":114257,"comment_status":"","ping_status":"","sticky":false,"template":"","format":"standard","meta":{"footnotes":""},"categories":[14],"tags":[22,23,26,27,17,21,24,25,28,29,15,16,18,34,31,33,32,30,19,402,20,51,52,53,54],"class_list":{"0":"post-114256","1":"post","2":"type-post","3":"status-publish","4":"format-standard","5":"has-post-thumbnail","7":"category-varlden","8":"tag-breaking-news","9":"tag-breakingnews","10":"tag-featured-news","11":"tag-featurednews","12":"tag-headlines","13":"tag-huvudnyheter","14":"tag-latest-news","15":"tag-latestnews","16":"tag-main-news","17":"tag-mainnews","18":"tag-news","19":"tag-nyheter","20":"tag-rubriker","21":"tag-se","22":"tag-svenska","23":"tag-sverige","24":"tag-sweden","25":"tag-swedish","26":"tag-top-stories","27":"tag-topic-artister","28":"tag-topstories","29":"tag-varlden","30":"tag-world","31":"tag-world-news","32":"tag-worldnews"},"share_on_mastodon":{"url":"https:\/\/pubeurope.com\/@se\/115764894329124941","error":""},"_links":{"self":[{"href":"https:\/\/www.europesays.com\/se\/wp-json\/wp\/v2\/posts\/114256","targetHints":{"allow":["GET"]}}],"collection":[{"href":"https:\/\/www.europesays.com\/se\/wp-json\/wp\/v2\/posts"}],"about":[{"href":"https:\/\/www.europesays.com\/se\/wp-json\/wp\/v2\/types\/post"}],"author":[{"embeddable":true,"href":"https:\/\/www.europesays.com\/se\/wp-json\/wp\/v2\/users\/2"}],"replies":[{"embeddable":true,"href":"https:\/\/www.europesays.com\/se\/wp-json\/wp\/v2\/comments?post=114256"}],"version-history":[{"count":0,"href":"https:\/\/www.europesays.com\/se\/wp-json\/wp\/v2\/posts\/114256\/revisions"}],"wp:featuredmedia":[{"embeddable":true,"href":"https:\/\/www.europesays.com\/se\/wp-json\/wp\/v2\/media\/114257"}],"wp:attachment":[{"href":"https:\/\/www.europesays.com\/se\/wp-json\/wp\/v2\/media?parent=114256"}],"wp:term":[{"taxonomy":"category","embeddable":true,"href":"https:\/\/www.europesays.com\/se\/wp-json\/wp\/v2\/categories?post=114256"},{"taxonomy":"post_tag","embeddable":true,"href":"https:\/\/www.europesays.com\/se\/wp-json\/wp\/v2\/tags?post=114256"}],"curies":[{"name":"wp","href":"https:\/\/api.w.org\/{rel}","templated":true}]}}