{"id":114266,"date":"2025-12-22T19:42:08","date_gmt":"2025-12-22T19:42:08","guid":{"rendered":"https:\/\/www.europesays.com\/se\/114266\/"},"modified":"2025-12-22T19:42:08","modified_gmt":"2025-12-22T19:42:08","slug":"zahra-och-afshad-utvisas-fran-sverige-pa-grund-av-lagandringen-sverige","status":"publish","type":"post","link":"https:\/\/www.europesays.com\/se\/114266\/","title":{"rendered":"Zahra och Afshad utvisas fr\u00e5n Sverige p\u00e5 grund av lag\u00e4ndringen | Sverige"},"content":{"rendered":"<p>I nio \u00e5r har Zahra och Afshad bott, jobbat och uppfostrat sina barn i Sverige.<\/p>\n<p>De \u00e4r uppskattade medarbetare p\u00e5 S\u00f6dersjukhuset och arbetade med att r\u00e4dda liv under coronapandemin.<\/p>\n<p>Efter ny\u00e5r ska de utvisas.<\/p>\n<p>\u2013 Vi \u00e4r fortfarande chockade. Vi har ingen plan, s\u00e4ger Zahra.<\/p>\n<p><img loading=\"lazy\"   alt=\"\"\/><\/p>\n<p>Zahra har sv\u00e5rt att h\u00e5lla tillbaka t\u00e5rarna n\u00e4r Expressen tr\u00e4ffar henne.<\/p>\n<p>Foto: SVEN LINDWALL<\/p>\n<p>\u00d6ppna bild i helsk\u00e4rm<img loading=\"lazy\"   alt=\"\"\/><\/p>\n<p>B\u00e5de Zahra och Afshad arbetar p\u00e5 S\u00f6dersjukhuset.<\/p>\n<p>Foto: SVEN LINDWALL<\/p>\n<p>\u00d6ppna bild i helsk\u00e4rm<img loading=\"lazy\"   alt=\"\"\/><\/p>\n<p>Under m\u00e5ndagen anordnades en manifestation till st\u00f6d f\u00f6r dem.<\/p>\n<p>Foto: SVEN LINDWALL<\/p>\n<p>\u00d6ppna bild i helsk\u00e4rm<img loading=\"lazy\"   alt=\"\"\/><\/p>\n<p>M\u00e5nga var d\u00e4r \u2013 flera var kolleger med paret.<\/p>\n<p>Foto: Henrik Montgomery\/TT \/ TT NYHETSBYR\u00c5N \/ TT NEWS AGENCY<\/p>\n<p>\u00d6ppna bild i helsk\u00e4rm<\/p>\n<p>2016 tog Zahra Kazemipour, 50, och hennes man Afshad Joubeh, 56, beslutet.\u00a0<\/p>\n<p>Det gick inte att bo kvar i Iran.<\/p>\n<p>Artikeln i korthet<\/p>\n<p> Zahra och Afshad har bott och arbetat i Sverige i nio \u00e5r, bland annat p\u00e5 S\u00f6dersjukhuset.<\/p>\n<p> De flydde fr\u00e5n Iran p\u00e5 grund av hot mot Afshad, som varit f\u00e4ngslad f\u00f6r regimkritik.<\/p>\n<p> Familjen utvisas efter en lag\u00e4ndring som stoppar m\u00f6jligheten till s\u00e5 kallat sp\u00e5rbyte.<\/p>\n<p> De har tv\u00e5 barn och kan inte \u00e5terv\u00e4nda till Iran \u2013 det skulle vara livsfarligt.<\/p>\n<p> Kollegor och v\u00e4nner har protesterat mot beslutet och visat starkt st\u00f6d.<\/p>\n<p>Visa mer<\/p>\n<p>Afshad var \u00f6ppen motst\u00e5ndare mot den iranska regimen och f\u00e4ngslades f\u00f6r det. N\u00e4r han sl\u00e4pptes best\u00e4mde sig familjen f\u00f6r att l\u00e4mna Iran.<\/p>\n<p>Paret flydde till Sverige, tillsammans med deras d\u00e5 sex\u00e5rige son.<\/p>\n<p>\u2013 Min man sa till mig att det \u00e4r farligt f\u00f6r oss att stanna h\u00e4r. S\u00e5 vi samlade hela livet i tre resv\u00e4skor och l\u00e4mnade landet, via Frankrike till Sverige, ber\u00e4ttar Zahra.<\/p>\n<p>I Iran hade b\u00e5da h\u00f6ga positioner inom v\u00e5rden \u2013 Zahra som chefssjuksk\u00f6terska och Afshad som kardiolog. I Sverige b\u00f6rjade de om och fick arbete som undersk\u00f6terskor p\u00e5 S\u00f6dersjukhuset.<\/p>\n<p>Lag\u00e4ndring bakom utvisningen<\/p>\n<p>Paret s\u00f6kte asyl 2017 men fick avslag f\u00f6rst 2020. De \u00f6verklagade beslutet i ytterligare tv\u00e5 \u00e5r. N\u00e4r \u00f6verklagan slutligen avslogs tipsade <a href=\"https:\/\/www.expressen.se\/tagg\/organization\/migrationsverket\/\" class=\"\" rel=\"nofollow noopener\" target=\"_blank\">Migrationsverket<\/a> om att ans\u00f6ka om sp\u00e5rbyte, vilket inneb\u00e4r att man ans\u00f6ker om arbetstillst\u00e5nd n\u00e4r man redan har ett jobb.<\/p>\n<p>Det godk\u00e4ndes och b\u00e5de Zahra och Afshad fick bo kvar i Sverige. F\u00f6r sju \u00e5r sedan fick de en dotter och deras son b\u00f6rjade i svensk skola. Under 2020, n\u00e4r covid-pandemin h\u00e4rjade, var Zahra och Afshad med och r\u00e4ddade liv p\u00e5 sjukhuset.<\/p>\n<p>Men i v\u00e5ras \u00e4ndrades lagen om sp\u00e5rbyte, till f\u00f6ljd av regeringens stramare migrationspolitik. Lag\u00e4ndringen inneb\u00e4r att m\u00f6jligheten till att ans\u00f6ka om sp\u00e5rbyte i princip tas bort, och att man nu bara kan g\u00f6ra det fr\u00e5n utlandet.<\/p>\n<p>Sp\u00e5rbyte<\/p>\n<p> Sp\u00e5rbyte innebar att personer som f\u00e5tt avslag p\u00e5 sin asylans\u00f6kan, men hade arbete, kunde ans\u00f6ka om arbetstillst\u00e5nd utan att l\u00e4mna Sverige.<\/p>\n<p>\u2022 F\u00f6r detta kr\u00e4vdes bland annat f\u00f6rs\u00f6rjningskrav och ett giltigt anst\u00e4llningserbjudande.<\/p>\n<p>\u2022 Den 1 april i \u00e5r avskaffades m\u00f6jligheten efter regeringsbeslut.<\/p>\n<p>\u2022 Ans\u00f6kan kan nu endast g\u00f6ras fr\u00e5n hemlandet eller ett annat land d\u00e4r personen har r\u00e4tt att vistas.<\/p>\n<p>\u2022 N\u00e4r Zahras och Afshads arbetstillst\u00e5nd skulle f\u00f6rl\u00e4ngas hade den nya lagen \u00e4nnu inte tr\u00e4tt i kraft. S\u00f6dersjukhuset uppger att alla handlingar skickades in i december, innan tillst\u00e5nden l\u00f6pte ut i april.<\/p>\n<p>\u2022 Migrationsverket hann dock inte fatta beslut innan lagen \u00e4ndrades. D\u00e4rmed p\u00e5verkades familjen retroaktivt.<\/p>\n<p>\u2022 Sedan den 1 april har Migrationsverket avgjort knappt 1 000 liknande \u00e4renden. Cirka en tredjedel har lett till nytt uppeh\u00e5llstillst\u00e5nd, resten till avslag.<\/p>\n<p>Visa mer<\/p>\n<p>I november i \u00e5r fick Zahra och Afshad veta att de, p\u00e5 grund av detta, inte l\u00e4ngre f\u00e5r vara kvar i Sverige. Den 8 januari, n\u00e4r resten av samh\u00e4llet \u00e5terv\u00e4nder efter julledigheten, ska de utvisas.<\/p>\n<p>Beskedet kom som en blixt fr\u00e5n klar himmel i slutet av november.<\/p>\n<p>\u2013 Jag var p\u00e5 praktiken och Afshad var p\u00e5 jobbet n\u00e4r jag fick mejlet. Och jag t\u00e4nkte att jag inte klarar av att vara p\u00e5 jobbet. Jag ville bara \u00e5ka hem och sova f\u00f6r alltid, ber\u00e4ttar Zahra.<\/p>\n<p>Vet inte var de ska \u00e5ka<\/p>\n<p>Afshad s\u00e4ger att han har sv\u00e5rt att f\u00f6rst\u00e5 Migrationsverkets beslut.<\/p>\n<p>\u2013 Vi b\u00e5da jobbar och vi har tv\u00e5 barn. Hur kan n\u00e5gon k\u00e4mpa i ett samh\u00e4lle och visa att man \u00e4r \u00e4rlig h\u00e4r? Det vi har gjort har varit lagligt. Man ska inte straffas f\u00f6r att man \u00e4r laglig.<\/p>\n<p>Annons<\/p>\n<p>Nu m\u00e5ste familjen l\u00e4mna Sverige. Att \u00e5ka tillbaka till Iran \u00e4r inget alternativ, s\u00e4ger de. Det skulle vara f\u00f6renat med livsfara.<\/p>\n<p>S\u00e5 var ska de ta v\u00e4gen?<\/p>\n<p>\u2013 Vi vet inte.<\/p>\n<p>Forssell: D\u00e4rf\u00f6r inf\u00f6rde vi sp\u00e5rbyte<\/p>\n<p>Migrationsminister Johan Forssell (M) s\u00e4ger att han inte kan kommentera enskilda fall, men f\u00f6rklarar varf\u00f6r m\u00f6jligheten till sp\u00e5rbyte togs bort i v\u00e5ras.<\/p>\n<p>\u2013 Flera tunga myndigheter har pekat p\u00e5 en l\u00e5ng rad olika problem kopplat till det. Riksrevisionen till exempel har pekat p\u00e5 risk f\u00f6r fusk, risk f\u00f6r skenanst\u00e4llningar, risk f\u00f6r att m\u00e4nniskor helt enkelt utnyttjas p\u00e5 arbetsmarknaden.<\/p>\n<p>Han s\u00e4ger att han \u00e4r medveten om att det finns personer som gjort allt r\u00e4tt, och som drabbas av \u00e4ndringen. Samtidigt ser han ingen anledning att \u00e5terinf\u00f6ra sp\u00e5rbyte.\u00a0<\/p>\n<p>\u2013 Vi ser ju alla som g\u00f6r r\u00e4tt f\u00f6r sig och som anstr\u00e4nger sig h\u00e5rt och som l\u00e4r sig svenska och \u00e4r en del av det svenska samh\u00e4llet. Jag f\u00f6rst\u00e5r att det h\u00e4r kan v\u00e4cka k\u00e4nslor.<\/p>\n<p>\u2013 Men det finns ocks\u00e5 ett annat perspektiv, och det \u00e4r ju alla som har farit illa p\u00e5 grund av det h\u00e4r systemet. Jag tycker ocks\u00e5 det \u00e4r viktigt att framh\u00e5lla att man fortfarande kan s\u00f6ka som arbetskraftsinvandrare precis som alla andra.\u00a0<\/p>\n<p><img loading=\"lazy\"   alt=\"\"\/> <\/p>\n<p>Foto: SVEN LINDWALL<\/p>\n<p>\u00d6ppna bild i helsk\u00e4rm<img loading=\"lazy\"   alt=\"\"\/> <\/p>\n<p>Foto: SVEN LINDWALL<\/p>\n<p>\u00d6ppna bild i helsk\u00e4rm<img loading=\"lazy\"   alt=\"\"\/> <\/p>\n<p>Foto: Henrik Montgomery\/TT \/ TT NYHETSBYR\u00c5N \/ TT NEWS AGENCY<\/p>\n<p>\u00d6ppna bild i helsk\u00e4rmKollegan: \u201dF\u00f6r j\u00e4kligt\u201d<\/p>\n<p>Zahras och Afshads kolleger p\u00e5 S\u00d6S har rasat mot beslutet och anordnade p\u00e5 m\u00e5ndagseftermiddagen en manifestation. Utanf\u00f6r sjukhuset samlades en stor skara, med t\u00e4nda ljus och skyltar. M\u00e5nga gr\u00e4t. M\u00e5nga var m\u00e4rkbart arga.<\/p>\n<p>Och m\u00e5nga vittnar om hur duktiga, sn\u00e4lla och uppskattade Zahra och Afshad \u00e4r.<\/p>\n<p>\u2013 Vi alla tycker det \u00e4r f\u00f6r j\u00e4kligt. N\u00e4r man g\u00f6r allt r\u00e4tt, man beh\u00f6vs i v\u00e5rden och dessutom \u00e4r fenomenal p\u00e5 sitt jobb. Man skickar hem dem som \u00e4r med och bidrar, s\u00e4ger Zahras tidigare kollega Ingela som kommit dit.<\/p>\n<p>Trots m\u00f6rkret som pr\u00e4glar \u00e5rsslutet f\u00f6r Zahra, Afshad och deras barn k\u00e4nner de sig oerh\u00f6rt tacksamma f\u00f6r st\u00f6det fr\u00e5n kollegerna och m\u00e4nniskorna runtomkring dem.<\/p>\n<p>\u2013 I dag ser vi bara k\u00e4rlek och v\u00e4nlighet. Utan svenskarna hade vi aldrig klarat oss h\u00e4r. Det \u00e4r d\u00e4rf\u00f6r det \u00e4r s\u00e5 sv\u00e5rt f\u00f6r oss att l\u00e4mna, f\u00f6r jag k\u00e4nner att jag m\u00e5ste l\u00e4mna min familj igen, s\u00e4ger Zahra.<\/p>\n","protected":false},"excerpt":{"rendered":"I nio \u00e5r har Zahra och Afshad bott, jobbat och uppfostrat sina barn i Sverige. De \u00e4r uppskattade&hellip;\n","protected":false},"author":2,"featured_media":114267,"comment_status":"","ping_status":"","sticky":false,"template":"","format":"standard","meta":{"footnotes":""},"categories":[12],"tags":[22,23,26,27,17,21,24,25,28,29,15,16,47,1602,18,34,154,31,33,32,30,19,740,20],"class_list":{"0":"post-114266","1":"post","2":"type-post","3":"status-publish","4":"format-standard","5":"has-post-thumbnail","7":"category-sverige","8":"tag-breaking-news","9":"tag-breakingnews","10":"tag-featured-news","11":"tag-featurednews","12":"tag-headlines","13":"tag-huvudnyheter","14":"tag-latest-news","15":"tag-latestnews","16":"tag-main-news","17":"tag-mainnews","18":"tag-news","19":"tag-nyheter","20":"tag-organization-migrationsverket","21":"tag-person-johan-forssell","22":"tag-rubriker","23":"tag-se","24":"tag-sections-sverige","25":"tag-svenska","26":"tag-sverige","27":"tag-sweden","28":"tag-swedish","29":"tag-top-stories","30":"tag-topic-migration-integration","31":"tag-topstories"},"share_on_mastodon":{"url":"https:\/\/pubeurope.com\/@se\/115764929649160287","error":""},"_links":{"self":[{"href":"https:\/\/www.europesays.com\/se\/wp-json\/wp\/v2\/posts\/114266","targetHints":{"allow":["GET"]}}],"collection":[{"href":"https:\/\/www.europesays.com\/se\/wp-json\/wp\/v2\/posts"}],"about":[{"href":"https:\/\/www.europesays.com\/se\/wp-json\/wp\/v2\/types\/post"}],"author":[{"embeddable":true,"href":"https:\/\/www.europesays.com\/se\/wp-json\/wp\/v2\/users\/2"}],"replies":[{"embeddable":true,"href":"https:\/\/www.europesays.com\/se\/wp-json\/wp\/v2\/comments?post=114266"}],"version-history":[{"count":0,"href":"https:\/\/www.europesays.com\/se\/wp-json\/wp\/v2\/posts\/114266\/revisions"}],"wp:featuredmedia":[{"embeddable":true,"href":"https:\/\/www.europesays.com\/se\/wp-json\/wp\/v2\/media\/114267"}],"wp:attachment":[{"href":"https:\/\/www.europesays.com\/se\/wp-json\/wp\/v2\/media?parent=114266"}],"wp:term":[{"taxonomy":"category","embeddable":true,"href":"https:\/\/www.europesays.com\/se\/wp-json\/wp\/v2\/categories?post=114266"},{"taxonomy":"post_tag","embeddable":true,"href":"https:\/\/www.europesays.com\/se\/wp-json\/wp\/v2\/tags?post=114266"}],"curies":[{"name":"wp","href":"https:\/\/api.w.org\/{rel}","templated":true}]}}