{"id":11427,"date":"2025-08-22T21:49:09","date_gmt":"2025-08-22T21:49:09","guid":{"rendered":"https:\/\/www.europesays.com\/se\/11427\/"},"modified":"2025-08-22T21:49:09","modified_gmt":"2025-08-22T21:49:09","slug":"cole-fonstad-trivs-i-sodertalje-jag-ar-en-smastadsperson","status":"publish","type":"post","link":"https:\/\/www.europesays.com\/se\/11427\/","title":{"rendered":"Cole Fonstad trivs i S\u00f6dert\u00e4lje: &#8221;Jag \u00e4r en sm\u00e5stadsperson&#8221;"},"content":{"rendered":"<p><strong>Cole Fonstad, 25, gjorde m\u00e5l n\u00e4r S\u00f6dert\u00e4lje f\u00f6rlorade mot AIK (2\u20135).<br \/>Efter n\u00e5gra st\u00f6kiga \u00e5r, d\u00e4r han har farit runt i v\u00e4rlden, vill han hitta kontinuiteten i SSK.<br \/>\u2013\u00a0Jag f\u00f6rs\u00f6ker bara s\u00e5 vara j\u00e4mn som jag kan. Och det \u00e4r den st\u00f6rsta grejen jag vill bidra med den h\u00e4r s\u00e4songen s\u00e4ger han till <a href=\"https:\/\/www.lt.se\/2025-08-22\/forsoker-bara-sa-vara-jamn-som-jag-kan\/\" rel=\"nofollow noopener\" target=\"_blank\">LT<\/a>. <\/strong><\/p>\n<p><img loading=\"lazy\" decoding=\"async\" width=\"1024\" height=\"658\" src=\"https:\/\/www.europesays.com\/se\/wp-content\/uploads\/2025\/08\/Cole-Fonstad-1024x658.webp.webp\" alt=\"\" class=\"wp-image-290780\"  \/><\/p>\n<p>Den kanadensiske forwarden Cole Fonstad har varit runt en hel del under sin karri\u00e4r. Efter junior\u00e5ren blev det spel i AHL, i Tyskland, ECHL i USA och sedan Sport i finska Liiga.<\/p>\n<p>Sedan ett tag tillbaka st\u00e5r det klart att han ska spendera kommande s\u00e4song i S\u00f6dert\u00e4lje SK i Hockeyallsvenskan.<\/p>\n<p>Klubben, som uttryckt tydliga m\u00e5l om att ta sig till SHL, f\u00f6rlorade p\u00e5 torsdagen en tr\u00e4ningsmatch mot AIK. D\u00e5 gjorde Fonstad m\u00e5l, vilket han tyckte var som en l\u00e4ttnad.<\/p>\n<p>\u2013\u00a0Yeah, helt klart. Det g\u00f6r att man kan s\u00e4nka axlarna lite. Jag vill producera och det \u00e4r trevligt att s\u00e4tta en puck tidigt men det \u00e4r fortfarande saker som man kan f\u00f6rb\u00e4ttra. Och vi kommer att bli b\u00e4ttre under de kommande sex matcherna innan vi b\u00f6rjar p\u00e5 riktigt, s\u00e4ger han till <a href=\"https:\/\/www.lt.se\/2025-08-22\/forsoker-bara-sa-vara-jamn-som-jag-kan\/\" rel=\"nofollow noopener\" target=\"_blank\">L\u00e4nstidningen S\u00f6dert\u00e4lje.<\/a><\/p>\n<p>\u201dJag har varit lite \u00f6verallt\u201d<\/p>\n<p>Senaste \u00e5ren har varit upp och ner och fram och tillbaka f\u00f6r 25-\u00e5ringen som nu vill ha kontinuitet i S\u00f6dert\u00e4lje.<\/p>\n<p>\u2013\u00a0Ja, jag har varit lite \u00f6verallt. Jag har spelat bra hockey och jag har spelat hockey som inte har gillat. Jag tror att det \u00e4r en del av l\u00e4roprocessen att vara proffs, det h\u00e4r \u00e4r mitt femte \u00e5r nu och jag f\u00f6rs\u00f6ker bara s\u00e5 vara j\u00e4mn som jag kan. Och det \u00e4r den st\u00f6rsta grejen jag vill bidra med den h\u00e4r s\u00e4songen, att vara samma spelare varje kv\u00e4ll. Det \u00e4r mitt m\u00e5l, s\u00e4ger han.<\/p>\n<p>Cole Fonstad beskriver vidare f\u00f6r tidningen sin tillvaro som trivsam, b\u00e5de i klubben och i staden. Han menar att han gillar S\u00f6dert\u00e4lje, d\u00e5 staden p\u00e5minner om hans hemstad sett till storlek.<\/p>\n<p>\u2013\u00a0Jag \u00e4r en sm\u00e5stadsperson, konstaterar han.<\/p>\n","protected":false},"excerpt":{"rendered":"Cole Fonstad, 25, gjorde m\u00e5l n\u00e4r S\u00f6dert\u00e4lje f\u00f6rlorade mot AIK (2\u20135).Efter n\u00e5gra st\u00f6kiga \u00e5r, d\u00e4r han har farit&hellip;\n","protected":false},"author":2,"featured_media":11428,"comment_status":"","ping_status":"","sticky":false,"template":"","format":"standard","meta":{"footnotes":""},"categories":[68],"tags":[621,34,133,111,110,31,33,32,30],"class_list":{"0":"post-11427","1":"post","2":"type-post","3":"status-publish","4":"format-standard","5":"has-post-thumbnail","7":"category-sport","8":"tag-hockeyallsvenskan","9":"tag-se","10":"tag-second-news","11":"tag-sport","12":"tag-sports","13":"tag-svenska","14":"tag-sverige","15":"tag-sweden","16":"tag-swedish"},"share_on_mastodon":{"url":"","error":""},"_links":{"self":[{"href":"https:\/\/www.europesays.com\/se\/wp-json\/wp\/v2\/posts\/11427","targetHints":{"allow":["GET"]}}],"collection":[{"href":"https:\/\/www.europesays.com\/se\/wp-json\/wp\/v2\/posts"}],"about":[{"href":"https:\/\/www.europesays.com\/se\/wp-json\/wp\/v2\/types\/post"}],"author":[{"embeddable":true,"href":"https:\/\/www.europesays.com\/se\/wp-json\/wp\/v2\/users\/2"}],"replies":[{"embeddable":true,"href":"https:\/\/www.europesays.com\/se\/wp-json\/wp\/v2\/comments?post=11427"}],"version-history":[{"count":0,"href":"https:\/\/www.europesays.com\/se\/wp-json\/wp\/v2\/posts\/11427\/revisions"}],"wp:featuredmedia":[{"embeddable":true,"href":"https:\/\/www.europesays.com\/se\/wp-json\/wp\/v2\/media\/11428"}],"wp:attachment":[{"href":"https:\/\/www.europesays.com\/se\/wp-json\/wp\/v2\/media?parent=11427"}],"wp:term":[{"taxonomy":"category","embeddable":true,"href":"https:\/\/www.europesays.com\/se\/wp-json\/wp\/v2\/categories?post=11427"},{"taxonomy":"post_tag","embeddable":true,"href":"https:\/\/www.europesays.com\/se\/wp-json\/wp\/v2\/tags?post=11427"}],"curies":[{"name":"wp","href":"https:\/\/api.w.org\/{rel}","templated":true}]}}